{"id":118,"date":"2005-02-07T13:01:23","date_gmt":"2005-02-07T11:01:23","guid":{"rendered":"http:\/\/www.peryton.de\/blog\/?p=118"},"modified":"2007-01-12T18:46:16","modified_gmt":"2007-01-12T17:46:16","slug":"ne-tirez-pas","status":"publish","type":"post","link":"https:\/\/www.peryton.de\/blog\/?p=118","title":{"rendered":"[ ne tirez pas! ]"},"content":{"rendered":"<p><font color=\"#000010\"><\/p>\n<p align=\"right\"><i> &#8211; oder &#8211; <\/i><b>[ <a href=\"http:\/\/www.aubonnebridge.net\/deu\/index2.php\" target=\"_blank\">kampagne &#8218;aubonne-br\u00fccke&#8216;<\/a> &#8211; der kampf geht weiter ]<\/b><\/p>\n<p><font color=\"#000010\"><\/p>\n<p align=\"left\">sie gehen in die n\u00e4chste runde, die juristischen auseinandersetzungen um die strassenblockade bei aubonne, bei der im juni 2003, im rahmen der k\u00e4mpfe um den sogenannten g8-gipfel in <b><a href=\"http:\/\/www.peryton.de\/evian.html\" target=\"_blank\">evian<\/a><\/b> durch das vorgehen der polizei ein gewaltfreier aktivist lebensgef\u00e4hrlich verletzt wurde, eine aktivistin in todesgefahr geriet\n<\/p>\n<p align=\"right\">[ musik-link peryton: <a href=\"http:\/\/www.webstreams.de\/~peryton\/peryton_ne-tirez-pas.ogg\" target=\"_blank\">&#8217;ne tirez pas!&#8216; <\/a>]<\/p>\n<p align=\"left\"><b><a href=\"http:\/\/www.aubonnebridge.net\/deu\/index.php\" target=\"_blank\">martin shaw und gesine wenzel erheben einspruch<\/a><\/b> gegen das gebaren des untersuchungsrichters, der das verhalten der polizei herunterspielte. sie fordern in ihrem 23 seiten langen einspruch u.a. disziplinarmassnahmen gegen die beteiligten polizisten, schadensersatz f\u00fcr die erlittenen leiden, eine weitere untersuchung und politische konsequenzen aus dem generellen anstieg der repression gegen politisch oppositionelle<\/p>\n<p align=\"left\">das gericht akzeptierte ihre berufung und widerrief die entscheidung des untersuchungsrichters jacques antenen. der zu dem urteil gekommen war, dass eine anklage der polizei nicht begr\u00fcndbar sei, die schuld f\u00fcr den vorfall l\u00e4ge allein in der waghalsigkeit der aktivistInnen. das tribunal d&#8217;accusation du canton de vaud hat nun jedoch erkl\u00e4rt, dass die untersuchung &#8222;ausreichend beweise f\u00fcr eine gerechtfertigte anklage&#8220; auf fahrl\u00e4ssiger leichter und schwerer k\u00f6rperverletzung gegen michael deiss und claude poget gebracht h\u00e4tte<\/p>\n<p align=\"left\">bisher war nur gegen m. deiss, den schaffhausener polizisten, der das seil durchgeschnitten hatte, eine strafrechtliche untersuchung eingeleitet worden. nun w\u00fcrdigte das gericht die bedenken der aktivistInnen und erkl\u00e4rte, claude poget, der einsatzleiter auf der br\u00fccke &#8222;h\u00e4tte eigentlich als belastet verh\u00f6rt werden m\u00fcssen.&#8220;<\/p>\n<p align=\"left\">die aktivisten bleiben skeptisch. &#8222;wir sind nat\u00fcrlich sehr zufrieden mit dieser entscheidung, aber wir bezweifeln, dass das justizsystem wirklich versucht, die wahrheit herauszufinden&#8220;, so martin shaw<\/p>\n<p align=\"left\">der abgeordnete des kantonsparlaments yvan rytz reichte eine parlamentarische anfrage an die regierung des kantons waadt ein. er erkl\u00e4rt:&#8220; die regierung kann sich ihrer verantwortung in diesem fall nicht entziehen. der einsatzleiter auf der br\u00fccke missachtete offizielle anordnungen und es ist pflicht der regierung, dieses versagen zu ahnden. zudem m\u00fcssen sie uns dar\u00fcber in kenntnis setzen, inwiefern die polizei in bezug auf verschiedene formen von protest ausgebildet wird. f\u00fcr uns ist offensichtlich, dass shaw und wenzel durch unsere polizei schweres leid zugef\u00fcgt wurde und dass ein klares anrecht auf schadenersatz besteht.&#8220; 29 parlamentarierInnen verschiedener parteien unterst\u00fctzen diesen schritt offen mit ihrer unterschrift<\/p>\n<p align=\"right\">(<a href=\"http:\/\/www.verts-vd.ch\/yr_interp_aubonne.html\" target=\"_blank\">quelle<\/a>)<\/p>\n<p><\/font><br \/>\n<\/p>\n<p><\/font><\/p>\n","protected":false},"excerpt":{"rendered":"<p>&#8211; oder &#8211; [ kampagne &#8218;aubonne-br\u00fccke&#8216; &#8211; der kampf geht weiter ] sie gehen in die n\u00e4chste runde, die juristischen auseinandersetzungen um die strassenblockade bei aubonne, bei der im juni 2003, im rahmen der k\u00e4mpfe um den sogenannten g8-gipfel in evian durch das vorgehen der polizei ein gewaltfreier aktivist lebensgef\u00e4hrlich verletzt wurde, eine aktivistin in [&hellip;]<\/p>\n","protected":false},"author":5,"featured_media":0,"comment_status":"open","ping_status":"open","sticky":false,"template":"","format":"standard","meta":{"footnotes":""},"categories":[1],"tags":[],"class_list":["post-118","post","type-post","status-publish","format-standard","hentry","category-uncategorized"],"_links":{"self":[{"href":"https:\/\/www.peryton.de\/blog\/index.php?rest_route=\/wp\/v2\/posts\/118","targetHints":{"allow":["GET"]}}],"collection":[{"href":"https:\/\/www.peryton.de\/blog\/index.php?rest_route=\/wp\/v2\/posts"}],"about":[{"href":"https:\/\/www.peryton.de\/blog\/index.php?rest_route=\/wp\/v2\/types\/post"}],"author":[{"embeddable":true,"href":"https:\/\/www.peryton.de\/blog\/index.php?rest_route=\/wp\/v2\/users\/5"}],"replies":[{"embeddable":true,"href":"https:\/\/www.peryton.de\/blog\/index.php?rest_route=%2Fwp%2Fv2%2Fcomments&post=118"}],"version-history":[{"count":0,"href":"https:\/\/www.peryton.de\/blog\/index.php?rest_route=\/wp\/v2\/posts\/118\/revisions"}],"wp:attachment":[{"href":"https:\/\/www.peryton.de\/blog\/index.php?rest_route=%2Fwp%2Fv2%2Fmedia&parent=118"}],"wp:term":[{"taxonomy":"category","embeddable":true,"href":"https:\/\/www.peryton.de\/blog\/index.php?rest_route=%2Fwp%2Fv2%2Fcategories&post=118"},{"taxonomy":"post_tag","embeddable":true,"href":"https:\/\/www.peryton.de\/blog\/index.php?rest_route=%2Fwp%2Fv2%2Ftags&post=118"}],"curies":[{"name":"wp","href":"https:\/\/api.w.org\/{rel}","templated":true}]}}