{"id":129,"date":"2005-01-24T19:18:15","date_gmt":"2005-01-24T17:18:15","guid":{"rendered":"http:\/\/www.peryton.de\/blog\/?p=129"},"modified":"2005-08-18T23:42:03","modified_gmt":"2005-08-18T21:42:03","slug":"spater-winter","status":"publish","type":"post","link":"https:\/\/www.peryton.de\/blog\/?p=129","title":{"rendered":"[ sp\u00e4ter winter ]"},"content":{"rendered":"<p><font color=\"#000080\"><b><\/p>\n<p align=\"center\">\n\u00fcber nacht hat er sich hingeworfen, weiss und kalt<br \/>\nund quer in alle wege, als h\u00e4tte er gewusst, wie ich<br \/>\nzu qu\u00e4len bin, am h\u00e4rtesten: mit eigner ungeduld<\/p>\n<p align=\"center\">von einem sommer habe ich getr\u00e4umt, dennoch<br \/>\n&#8211; vielleicht deshalb -, der in der fernen zukunft schon<br \/>\nvergangen lag, der nur im tr\u00e4umen so, mit der<br \/>\nbesetzung und auf dieser b\u00fchne zu erleben<br \/>\nist: im schlaf<\/p>\n<p align=\"center\">wir haben heu geerntet dort, wo niemals heu zu<br \/>\nernten war und es war sp\u00e4t bereits, ein wetter<br \/>\ndrohte, doch wollten alle h\u00e4nde fort zu fernen<br \/>\nzielen. so blieb ich, bot mich an, mein reisen zu<br \/>\nverschieben um den einen tag, damit das<br \/>\nnotwendige getan, das gras gerettet werden<br \/>\nkonnte vor dem regen. zum ersten mal seit<br \/>\njahren sprachen wir, die mutter und der vater<br \/>\nund ich selbst ganz ohne zorn, offen, bar des<br \/>\nmisstrauns, bar der schuldverweise; nein, kein<br \/>\nhader zwischen uns<\/p>\n<p align=\"center\">wo du gewesen bist, ich kann es nicht mehr<br \/>\nsagen &#8211; du warst; nicht irgendwo zu sehen und<br \/>\nzu nennen, nein, du bist gewesen, du warst der<br \/>\ntraum, du warst das heu, zum trocknen auf-<br \/>\ngeworfen \u00fcber reutern aus holz, die furcht vorm<br \/>\nsommersturm warst du und auch mein bleiben<\/p>\n<p align=\"center\">eine frage bricht die n\u00e4chste auf, die n\u00e4chste noch<br \/>\nund wieder und erneut, so war es all die jahre: wo<br \/>\nbist du gewesen und weshalb?<\/p>\n<p align=\"center\">dass dieser sp\u00e4te winter hingeweint, in meinem<br \/>\ntraum entstanden und herausgeschneit, ist nun<br \/>\ngewiss: ich kenne dich. ich weiss den klang der<br \/>\ntr\u00e4nen in der nacht, als ob es gestern war &#8211; so leise<br \/>\nf\u00e4llt der schnee, er spricht. nein, glaube mir: ich hab<br \/>\ngelernt, die spur zu finden, um in ihr zu lesen<\/p>\n<p><\/b><\/font><br \/><\/p>\n","protected":false},"excerpt":{"rendered":"<p>\u00fcber nacht hat er sich hingeworfen, weiss und kalt und quer in alle wege, als h\u00e4tte er gewusst, wie ich zu qu\u00e4len bin, am h\u00e4rtesten: mit eigner ungeduld von einem sommer habe ich getr\u00e4umt, dennoch &#8211; vielleicht deshalb -, der in der fernen zukunft schon vergangen lag, der nur im tr\u00e4umen so, mit der besetzung [&hellip;]<\/p>\n","protected":false},"author":5,"featured_media":0,"comment_status":"open","ping_status":"open","sticky":false,"template":"","format":"standard","meta":{"footnotes":""},"categories":[1],"tags":[],"class_list":["post-129","post","type-post","status-publish","format-standard","hentry","category-uncategorized"],"_links":{"self":[{"href":"https:\/\/www.peryton.de\/blog\/index.php?rest_route=\/wp\/v2\/posts\/129","targetHints":{"allow":["GET"]}}],"collection":[{"href":"https:\/\/www.peryton.de\/blog\/index.php?rest_route=\/wp\/v2\/posts"}],"about":[{"href":"https:\/\/www.peryton.de\/blog\/index.php?rest_route=\/wp\/v2\/types\/post"}],"author":[{"embeddable":true,"href":"https:\/\/www.peryton.de\/blog\/index.php?rest_route=\/wp\/v2\/users\/5"}],"replies":[{"embeddable":true,"href":"https:\/\/www.peryton.de\/blog\/index.php?rest_route=%2Fwp%2Fv2%2Fcomments&post=129"}],"version-history":[{"count":0,"href":"https:\/\/www.peryton.de\/blog\/index.php?rest_route=\/wp\/v2\/posts\/129\/revisions"}],"wp:attachment":[{"href":"https:\/\/www.peryton.de\/blog\/index.php?rest_route=%2Fwp%2Fv2%2Fmedia&parent=129"}],"wp:term":[{"taxonomy":"category","embeddable":true,"href":"https:\/\/www.peryton.de\/blog\/index.php?rest_route=%2Fwp%2Fv2%2Fcategories&post=129"},{"taxonomy":"post_tag","embeddable":true,"href":"https:\/\/www.peryton.de\/blog\/index.php?rest_route=%2Fwp%2Fv2%2Ftags&post=129"}],"curies":[{"name":"wp","href":"https:\/\/api.w.org\/{rel}","templated":true}]}}