{"id":13504,"date":"2019-11-20T21:03:20","date_gmt":"2019-11-20T20:03:20","guid":{"rendered":"http:\/\/www.peryton.de\/blog\/?p=13504"},"modified":"2019-12-02T19:24:06","modified_gmt":"2019-12-02T18:24:06","slug":"gegenueber-le-pradet","status":"publish","type":"post","link":"https:\/\/www.peryton.de\/blog\/?p=13504","title":{"rendered":"[ gegen\u00fcber: le pradet ]"},"content":{"rendered":"\n<p align=\"center\"><br \/><a href=\"https:\/\/peryton.de\/blog\/peryton_la-plage-du-monaco_2019-12-02_450x600.jpg\" target=\"_blank\" rel=\"noopener noreferrer\"> <img decoding=\"async\" src=\"https:\/\/peryton.de\/blog\/tn_peryton_la-plage-du-monaco_2019-12-02_450x600.jpg\" border=\"0&quot;\" align=\"middle\"\/><\/a><\/p>\n<p><br \/><\/p>\n\n\n\n<p>\ngegen\u00fcber von la seyne sur mer, am gegen\u00fcber liegenden ufer<br \/>\nder bucht, liegt der strand von le pradet, der seit den st\u00fcrmen<br \/>\ndieses herbstes zur h\u00e4lfte von den wellen weggefressen wurde<\/p>\n\n<p>\nhier habe ich ein paradies gefunden. ja, zugegeben, zu einem<br \/>\nparadies geh\u00f6rt mehr als eine sch\u00f6ne landschaft. mehr als ein<br \/>\nangenehmes klima und eine mich faszinierende vegetation. da<br \/> geh\u00f6rte vieles ge\u00e4ndert, auch hier. die armut ausserhalb der<br \/>\nmauern und z\u00e4une der residenzen, die dreiste b\u00fcrokratie, die<br \/> permanente kontrolle &#8211; \u00fcberall! -, und die unachtsamkeit, alles<br \/> niederwalzend. und immer wieder diese narzistische dummheit<br \/> \n<br \/>\nanfangs glaubte ich, all dem entkommen zu sein; naiv war&#8217;s. nie<br \/> entkommst du der dummheit, schon gar nicht der eignen. und<br \/>\ndennoch habe ich hier mein sch\u00f6nstes jahr verbracht. da unten<br \/>\nam strand liegend, meist, die nase in den b\u00fcchern, zaghaft erste<br \/>  freundschaften schliessend, \u00e4ngstlich stotternd und ringend um<br \/>\n<br \/>\nworte<br \/><\/p>\n\n\n\n<p align=\"center\"><br \/>foto: la plage du monaco<br \/>\nle pradet, 02. dezember 2019<\/p>\n","protected":false},"excerpt":{"rendered":"<p>gegen\u00fcber von la seyne sur mer, am gegen\u00fcber liegenden ufer der bucht, liegt der strand von le pradet, der seit den st\u00fcrmen dieses herbstes zur h\u00e4lfte von den wellen weggefressen wurde hier habe ich ein paradies gefunden. ja, zugegeben, zu einem paradies geh\u00f6rt mehr als eine sch\u00f6ne landschaft. mehr als ein angenehmes klima und eine [&hellip;]<\/p>\n","protected":false},"author":5,"featured_media":0,"comment_status":"open","ping_status":"closed","sticky":false,"template":"","format":"standard","meta":{"footnotes":""},"categories":[1],"tags":[],"class_list":["post-13504","post","type-post","status-publish","format-standard","hentry","category-uncategorized"],"_links":{"self":[{"href":"https:\/\/www.peryton.de\/blog\/index.php?rest_route=\/wp\/v2\/posts\/13504","targetHints":{"allow":["GET"]}}],"collection":[{"href":"https:\/\/www.peryton.de\/blog\/index.php?rest_route=\/wp\/v2\/posts"}],"about":[{"href":"https:\/\/www.peryton.de\/blog\/index.php?rest_route=\/wp\/v2\/types\/post"}],"author":[{"embeddable":true,"href":"https:\/\/www.peryton.de\/blog\/index.php?rest_route=\/wp\/v2\/users\/5"}],"replies":[{"embeddable":true,"href":"https:\/\/www.peryton.de\/blog\/index.php?rest_route=%2Fwp%2Fv2%2Fcomments&post=13504"}],"version-history":[{"count":45,"href":"https:\/\/www.peryton.de\/blog\/index.php?rest_route=\/wp\/v2\/posts\/13504\/revisions"}],"predecessor-version":[{"id":13678,"href":"https:\/\/www.peryton.de\/blog\/index.php?rest_route=\/wp\/v2\/posts\/13504\/revisions\/13678"}],"wp:attachment":[{"href":"https:\/\/www.peryton.de\/blog\/index.php?rest_route=%2Fwp%2Fv2%2Fmedia&parent=13504"}],"wp:term":[{"taxonomy":"category","embeddable":true,"href":"https:\/\/www.peryton.de\/blog\/index.php?rest_route=%2Fwp%2Fv2%2Fcategories&post=13504"},{"taxonomy":"post_tag","embeddable":true,"href":"https:\/\/www.peryton.de\/blog\/index.php?rest_route=%2Fwp%2Fv2%2Ftags&post=13504"}],"curies":[{"name":"wp","href":"https:\/\/api.w.org\/{rel}","templated":true}]}}