{"id":14165,"date":"2020-02-26T15:20:46","date_gmt":"2020-02-26T14:20:46","guid":{"rendered":"https:\/\/www.peryton.de\/blog\/?p=14165"},"modified":"2020-05-10T17:35:55","modified_gmt":"2020-05-10T16:35:55","slug":"wasser-und-fels","status":"publish","type":"post","link":"https:\/\/www.peryton.de\/blog\/?p=14165","title":{"rendered":"[ l&#8217;eau et le rocher. wasser und fels ]"},"content":{"rendered":"<p align=\"left\">&nbsp;<\/p>\n<p align=\"center\">\n<a href=\"\/blog\/gorges-de-colombi\u00e8res_2020-02-23_450x600.jpg\" target=\"_blank\" rel=\"noopener noreferrer\"> <img decoding=\"async\" src=\"\/blog\/tn_gorges-de-colombi\u00e8res_2020-02-23_450x600.jpg\" border=\"0&quot;\" align=\"middle\"\/><\/a><\/p>\n<p align=\"left\">&nbsp;<\/p>\n<p align=\"left\">\nse r\u00e9veiller au bord de ce ruisseau. le soleil brillait comme<br \/>\nen pleine \u00e9t\u00e9 dans le nord. mon bain \u00e9tait glac\u00e9. alors, j&#8217;ai<br \/>\nvoulu grimper et j&#8217;ai saut\u00e9 par-dessus les pierres jusqu&#8217;\u00e0<br \/>\nl&#8217;autre rive. enfin montant le versant, pas \u00e0 pas, lorsqu&#8217;une<br \/>\npeur me colle au rocher: tu ne sortiras jamais, jamais de l\u00e0<\/p>\n<p>pendant longtemps je me suis couch\u00e9, avec le regard au<br \/>\nsoleil, le dos \u00e0 la montagne, jusqu&#8217;\u00e0 ce que le courage me<br \/>\nrevienne. donc, je suis mont\u00e9 et encore descendu m\u00e8tres<br \/>\npar m\u00e8tres, en explorant les fragments des rochers et la<br \/>\nv\u00e9g\u00e9tation autour de la source, jusqu&#8217;\u00e0 ce que je puisse<br \/>\nencore faire confiance \u00e0 mes sens et \u00e0 tous mes membres<\/p>\n<p>presque seuls, mes pieds ont trouv\u00e9 le chemin du retour<br \/>\npresque aussi s\u00fbrs qu&#8217;\u00e0 l&#8217;\u00e9poque, si j&#8217;ai saut\u00e9 par-dessus<br \/>\ndes terrils de pierre, tout avertissement au vent, la roche<br \/>\ndure m&#8217;\u00e9tait plus s\u00fbre que les eaux inconnues de la vie<\/p>\n<p align=\"center\">&nbsp;<br \/>\n<b>&#8212;&#8211;<\/b><br \/>\n&nbsp;<\/p>\n<p align=\"left\">\naufwachen am ufer dieses baches. die sonne gl\u00fchte wie an<br \/>\neinem mittsommertag im norden. eiskalt war mein bad. da<br \/>\nwollte ich klettern und sprang \u00fcber die steine zum anderen<br \/>\nufer, stieg den abhang hinauf, tritt um tritt, bis eine angst<br \/>\nmich an den felsen klebte: da kommst du nie wieder raus<\/p>\n<p align=\"left\">\nlange lag ich mit dem blick zur sonne, mit dem r\u00fccken zum<br \/>\nberg, bis der mut zu mir zur\u00fcckgeschlichen kam. also stieg<br \/>\nich um meter auf und um meter wieder ab, erforschte die<br \/>\nbrocken der steine und die pflanzen der quellflur, bis ich<br \/>\nmeinen sinnen und allen gliedern wieder vertrauen mochte<\/p>\n<p align=\"left\">\nden r\u00fcckweg fanden meine f\u00fcsse fast alleine, beinahe so<br \/>\nsicher wie damals, als ich, alle warnungen in den wind<br \/>\nschlagend, \u00fcber steinhalden hinab sprang, der harte fels<br \/>\nmir sicherer war, als die unbekannten wasser des lebens<\/p>\n<p align=\"left\">\n<p align=\"left\">&nbsp;<\/p>\n<p align=\"center\">\nfoto:  l&#8217;eau et le rocher. wasser und fels<br \/>\ncolombi\u00e8re sur l&#8217;orb, 23. februar 2020<\/p>\n","protected":false},"excerpt":{"rendered":"<p>&nbsp; &nbsp; se r\u00e9veiller au bord de ce ruisseau. le soleil brillait comme en pleine \u00e9t\u00e9 dans le nord. mon bain \u00e9tait glac\u00e9. alors, j&#8217;ai voulu grimper et j&#8217;ai saut\u00e9 par-dessus les pierres jusqu&#8217;\u00e0 l&#8217;autre rive. enfin montant le versant, pas \u00e0 pas, lorsqu&#8217;une peur me colle au rocher: tu ne sortiras jamais, jamais de [&hellip;]<\/p>\n","protected":false},"author":5,"featured_media":0,"comment_status":"open","ping_status":"closed","sticky":false,"template":"","format":"standard","meta":{"footnotes":""},"categories":[1],"tags":[],"class_list":["post-14165","post","type-post","status-publish","format-standard","hentry","category-uncategorized"],"_links":{"self":[{"href":"https:\/\/www.peryton.de\/blog\/index.php?rest_route=\/wp\/v2\/posts\/14165","targetHints":{"allow":["GET"]}}],"collection":[{"href":"https:\/\/www.peryton.de\/blog\/index.php?rest_route=\/wp\/v2\/posts"}],"about":[{"href":"https:\/\/www.peryton.de\/blog\/index.php?rest_route=\/wp\/v2\/types\/post"}],"author":[{"embeddable":true,"href":"https:\/\/www.peryton.de\/blog\/index.php?rest_route=\/wp\/v2\/users\/5"}],"replies":[{"embeddable":true,"href":"https:\/\/www.peryton.de\/blog\/index.php?rest_route=%2Fwp%2Fv2%2Fcomments&post=14165"}],"version-history":[{"count":39,"href":"https:\/\/www.peryton.de\/blog\/index.php?rest_route=\/wp\/v2\/posts\/14165\/revisions"}],"predecessor-version":[{"id":14978,"href":"https:\/\/www.peryton.de\/blog\/index.php?rest_route=\/wp\/v2\/posts\/14165\/revisions\/14978"}],"wp:attachment":[{"href":"https:\/\/www.peryton.de\/blog\/index.php?rest_route=%2Fwp%2Fv2%2Fmedia&parent=14165"}],"wp:term":[{"taxonomy":"category","embeddable":true,"href":"https:\/\/www.peryton.de\/blog\/index.php?rest_route=%2Fwp%2Fv2%2Fcategories&post=14165"},{"taxonomy":"post_tag","embeddable":true,"href":"https:\/\/www.peryton.de\/blog\/index.php?rest_route=%2Fwp%2Fv2%2Ftags&post=14165"}],"curies":[{"name":"wp","href":"https:\/\/api.w.org\/{rel}","templated":true}]}}