{"id":14750,"date":"2020-04-18T16:32:53","date_gmt":"2020-04-18T15:32:53","guid":{"rendered":"https:\/\/www.peryton.de\/blog\/?p=14750"},"modified":"2020-04-22T14:32:01","modified_gmt":"2020-04-22T13:32:01","slug":"errer-dans-la-nuit-streifzug-durch-die-nacht","status":"publish","type":"post","link":"https:\/\/www.peryton.de\/blog\/?p=14750","title":{"rendered":"[ errer dans la nuit. streifzug durch die nacht ]"},"content":{"rendered":"<p align=\"left\">&nbsp;<\/p>\n<p align=\"center\"><a href=\"\/blog\/errer dans la nuit - 2020-04-18_mod_450x600.jpg\" target=\"_blank\" rel=\"noopener noreferrer\"> <img decoding=\"async\" src=\"\/blog\/tn_errer dans la nuit - 2020-04-18_mod_450x600.jpg\" border=\"0&quot;\" align=\"center\"\/><\/a><\/p>\n<p align=\"right\">&nbsp;<\/p>\n<p align=\"center\"><i>&#8222;du streifst durch die nacht wie&#8217;n fl\u00fcchtling&#8220;<\/i><\/p>\n<p align=\"center\"><i>&#8222;ja, so ein bisschen. diese n\u00e4chte haben<br \/>\nb\u00f6se augen. ich tue gut daran, mich in<br \/>\nmeinem eignen schatten zu verbergen.&#8220;<\/i><\/p>\n<p align=\"left\">&nbsp;<br \/>\net je prends le chemin s\u00fbr, en gardant tes mots<br \/>\ndans le creux des mains, un \u00e9cho, un tr\u00e9sor, un<br \/>\nsecret, voire m\u00eame une touche de ton amour<\/p>\n<p>dans la grotte de la nuit tu m&#8217;allumes les feux<\/p>\n<p align=\"center\">&nbsp;<br \/>\n<b>&#8212;&#8211;<\/b><br \/>\n&nbsp;<\/p>\n<p align=\"center\"><i>&#8222;tu erre dans la nuit tel un fugitif&#8220;<\/i><\/p>\n<p align=\"center\"><i>&#8222;oui, c&#8217;est quelque peut comme \u00e7a. ces<br \/>\nnuits ont des yeux hostiles. j&#8217;ai int\u00e9r\u00e8t<br \/>\n\u00e0 me cacher dans ma propre ombre&#8220;<\/i><\/p>\n<p align=\"left\">&nbsp;<br \/>\nund ich nehme den sicheren weg, bewahre deine<br \/>\nworte in meinen hohlen h\u00e4nden, ein widerhall, ein<br \/>\nschatz, ein geheimnis, sogar ein hauch von liebe<\/p>\n<p>in der h\u00f6hle der nacht z\u00fcndest du meine feuer an<\/p>\n<p align=\"left\">&nbsp;<\/p>\n<p align=\"center\">foto: &#8222;tu erre dans la nuit tel un\u00a0fugitif&#8220;<br \/>\n\u201edu streifst durch die nacht wie\u2019n fl\u00fcchtling\u201c<br \/>\nle pradet, 17. april 2020<br \/>\n&nbsp;<br \/>\n[ <a href=\"\/blog\/errer-dans-la-nuit_streifzug-durch-die-nacht_2020-04-18.pdf\" target=\"_blank\" rel=\"noopener noreferrer\">download \/ t\u00e9l\u00e9charger ce text (pdf)<\/a> ]<\/p>\n","protected":false},"excerpt":{"rendered":"<p>&nbsp; &nbsp; &#8222;du streifst durch die nacht wie&#8217;n fl\u00fcchtling&#8220; &#8222;ja, so ein bisschen. diese n\u00e4chte haben b\u00f6se augen. ich tue gut daran, mich in meinem eignen schatten zu verbergen.&#8220; &nbsp; et je prends le chemin s\u00fbr, en gardant tes mots dans le creux des mains, un \u00e9cho, un tr\u00e9sor, un secret, voire m\u00eame une touche [&hellip;]<\/p>\n","protected":false},"author":5,"featured_media":0,"comment_status":"open","ping_status":"closed","sticky":false,"template":"","format":"standard","meta":{"footnotes":""},"categories":[1],"tags":[],"class_list":["post-14750","post","type-post","status-publish","format-standard","hentry","category-uncategorized"],"_links":{"self":[{"href":"https:\/\/www.peryton.de\/blog\/index.php?rest_route=\/wp\/v2\/posts\/14750","targetHints":{"allow":["GET"]}}],"collection":[{"href":"https:\/\/www.peryton.de\/blog\/index.php?rest_route=\/wp\/v2\/posts"}],"about":[{"href":"https:\/\/www.peryton.de\/blog\/index.php?rest_route=\/wp\/v2\/types\/post"}],"author":[{"embeddable":true,"href":"https:\/\/www.peryton.de\/blog\/index.php?rest_route=\/wp\/v2\/users\/5"}],"replies":[{"embeddable":true,"href":"https:\/\/www.peryton.de\/blog\/index.php?rest_route=%2Fwp%2Fv2%2Fcomments&post=14750"}],"version-history":[{"count":23,"href":"https:\/\/www.peryton.de\/blog\/index.php?rest_route=\/wp\/v2\/posts\/14750\/revisions"}],"predecessor-version":[{"id":14832,"href":"https:\/\/www.peryton.de\/blog\/index.php?rest_route=\/wp\/v2\/posts\/14750\/revisions\/14832"}],"wp:attachment":[{"href":"https:\/\/www.peryton.de\/blog\/index.php?rest_route=%2Fwp%2Fv2%2Fmedia&parent=14750"}],"wp:term":[{"taxonomy":"category","embeddable":true,"href":"https:\/\/www.peryton.de\/blog\/index.php?rest_route=%2Fwp%2Fv2%2Fcategories&post=14750"},{"taxonomy":"post_tag","embeddable":true,"href":"https:\/\/www.peryton.de\/blog\/index.php?rest_route=%2Fwp%2Fv2%2Ftags&post=14750"}],"curies":[{"name":"wp","href":"https:\/\/api.w.org\/{rel}","templated":true}]}}