{"id":15046,"date":"2020-09-21T14:27:21","date_gmt":"2020-09-21T13:27:21","guid":{"rendered":"https:\/\/www.peryton.de\/blog\/?p=15046"},"modified":"2021-03-29T12:05:34","modified_gmt":"2021-03-29T11:05:34","slug":"quoi-de-neuf-was-gibts-neues","status":"publish","type":"post","link":"https:\/\/www.peryton.de\/blog\/?p=15046","title":{"rendered":"[ quoi de neuf ? was gibt&#8217;s neues? ]"},"content":{"rendered":"<p align=\"left\">&nbsp;<\/p>\n<p align=\"center\"><a href=\"\/blog\/peryton_revenu_2020-09-20_700x530.jpg\" target=\"_blank\" rel=\"noopener noreferrer\"> <img decoding=\"async\" src=\"\/blog\/tn_peryton_revenu_2020-09-20_700x530.jpg\" border=\"0&quot;\" align=\"center\"\/><\/a><\/p>\n<p align=\"left\">&nbsp;<\/p>\n<p align=\"left\">\nmalgr\u00e9 covid, j&#8217;ai d\u00fb terminer le monopoly fran\u00e7ais<br \/>\ntandis que je suis retourn\u00e9 sur la case d\u00e9part en<br \/>\nretirant de l&#8217;argent. dans mon cas, c&#8217;est l&#8217;allocation<br \/>\nde ch\u00f4mage en allemagne. pas mal. pas perdu. mais &#8230;<\/p>\n<p>ici, on porte des masques ou on ne les porte pas. on<br \/>\nparle de la conspiration, on parle du contraire ou<br \/>\non ne parle plus. on fait les courses en avan\u00e7ant<br \/>\nen zigzag \u00e0 cause de la peur ou par prudence. on<br \/>\napprend \u00e0 danser seul ou il faut qu&#8217;on s&#8217;en abstient<\/p>\n<p>le premier ao\u00fbt 2020, \u00e0 berlin, la capitale du pays<br \/>\nde la folie, une manifestation &#8222;anti-corona&#8220;. \u00e0 la fin<br \/>\ndix-sept milles sont unis dans la dingue conviction<br \/>\nqu&#8217;ils soient un point trois millions. bien s\u00fbr, on<br \/>\npense, d\u00e9ja connu, la m\u00e9galomanie allemande. mais<br \/>\npas plus tard, le 29 ao\u00fbt 2020, une &#8222;attaque contre<br \/>\nle reichstag&#8220; est organis\u00e9e par les extr\u00e8mes droits<\/p>\n<p>l\u00e0, les t\u00eates chauves marchent main \u00e0 main avec les<br \/>\ndreadlocks et les ch\u00e2peaux en aluminium. ils crient<br \/>\n&#8222;deutschland, deutschland&#8220;. ils veulent r\u00e9cup\u00e9rer<br \/>\nl&#8217;empire ou quelque chose de pire, ils maudissent<br \/>\nou ils font un ban pour putin ou trump, c&#8217;est selon<br \/>\nqu&#8217;on gueule l&#8217;une o\u00f9 l&#8217;autre parole. et moi, je<br \/>\nfrissonne d&#8217;effroi de plus en plus chaque jour en<br \/>\ntriant ces amis, qui n&#8217;ont pas encore perdus l&#8217;esprit<\/p>\n<p>le soleil moribond s&#8217;est pendu au ciel pleureur, est y<br \/>\nsitu\u00e9 tout en bas. ici, le vent humide est toujours<br \/>\nfroid. les feuilles deviennent jaune et rouge et brune<br \/>\net tombent par terre. mince. vraiment, j&#8217;y suis revenu<\/p>\n<p align=\"center\">&nbsp;<br \/>\n<b>&#8212;&#8211;<\/b><br \/>\n&nbsp;<\/p>\n<p align=\"left\">\ndank covid beendete ich, indem ich \u00fcber &#8222;los&#8220; ging<br \/>\nund dort geld einzog, das franz\u00f6sische monopoly. in<br \/>\ndiesem fall das arbeitslosengeld in deutschland. das<br \/>\nist nicht schlecht. nicht verloren. und dennoch &#8230;<\/p>\n<p>hier tr\u00e4gt man masken oder man tr\u00e4gt sie nicht. man<br \/>\nspricht ganz offen von verschw\u00f6rung, man spricht<br \/>\nvom gegenteil oder man spricht gar nicht mehr. man<br \/>\nerledigt seine eink\u00e4ufe in schlangenlinien, aus<br \/>\nangst oder aus vorsicht. man lernt alleine zu<br \/>\ntanzen oder man muss eben darauf verzichten<\/p>\n<p>am ersten august 2020 ein &#8222;anti-corona&#8220;-protestzug<br \/>\nin berlin, hauptstadt im land des wahnsinns. am ende<br \/>\nsind siebzehntausend demonstranten durch die irre<br \/>\n\u00fcberzeugung vereint, eins komma drei millionen zu<br \/>\nsein. na klar, denkt man, das kennt man, deutscher<br \/>\ngr\u00f6ssenwahn. aber nicht viel sp\u00e4ter, am 29. august<br \/>\n2020, organisieren die extrem rechten einen &#8222;sturm<br \/>\nauf den reichstag&#8220;. da marschieren die glatzen<br \/>\nhand in hand mit dreadlocks und aluminiumh\u00fcten<br \/>\n<br \/>\nsie schreien &#8222;deutschland, deutschland&#8220;. sie wollen<br \/>\nihr kaiserreich zur\u00fcck oder schlimmeres, fluchen auf<br \/>\nputin und trump und lassen sie hochleben, je nach<br \/>\nparole, die gerade gebr\u00fcllt wird. mich gruselt&#8217;s von<br \/>\ntag zu tag mehr beim aussortieren der verbliebenen<br \/>\nfreunde, die den verstand noch nicht verloren haben<\/p>\n<p>eine sterbende sonne hat sich tief am trauernden himmel<br \/>\naufgeh\u00e4ngt. der feuchte wind ist hier immer kalt. die<br \/>\nbl\u00e4tter werden gelb und rot und braun und fallen tot<br \/>\nzu boden. so&#8217;n mist. ich bin wirklich zur\u00fcckgekommen<\/p>\n<p align=\"left\">&nbsp;<\/p>\n<p align=\"center\">foto: un soleil moribond. eine sterbende sonne<br \/>\nkiel-holtenau, 10. august 2020<br \/>\n&nbsp;<br \/>\n[ <a href=\"\/blog\/quoi de neuf_2020-09-21.pdf\" target=\"_blank\" rel=\"noopener noreferrer\">download \/ t\u00e9l\u00e9charger ce text (pdf)<\/a> ]<\/p>\n","protected":false},"excerpt":{"rendered":"<p>&nbsp; &nbsp; malgr\u00e9 covid, j&#8217;ai d\u00fb terminer le monopoly fran\u00e7ais tandis que je suis retourn\u00e9 sur la case d\u00e9part en retirant de l&#8217;argent. dans mon cas, c&#8217;est l&#8217;allocation de ch\u00f4mage en allemagne. pas mal. pas perdu. mais &#8230; ici, on porte des masques ou on ne les porte pas. on parle de la conspiration, on [&hellip;]<\/p>\n","protected":false},"author":5,"featured_media":0,"comment_status":"open","ping_status":"open","sticky":false,"template":"","format":"standard","meta":{"footnotes":""},"categories":[1],"tags":[],"class_list":["post-15046","post","type-post","status-publish","format-standard","hentry","category-uncategorized"],"_links":{"self":[{"href":"https:\/\/www.peryton.de\/blog\/index.php?rest_route=\/wp\/v2\/posts\/15046","targetHints":{"allow":["GET"]}}],"collection":[{"href":"https:\/\/www.peryton.de\/blog\/index.php?rest_route=\/wp\/v2\/posts"}],"about":[{"href":"https:\/\/www.peryton.de\/blog\/index.php?rest_route=\/wp\/v2\/types\/post"}],"author":[{"embeddable":true,"href":"https:\/\/www.peryton.de\/blog\/index.php?rest_route=\/wp\/v2\/users\/5"}],"replies":[{"embeddable":true,"href":"https:\/\/www.peryton.de\/blog\/index.php?rest_route=%2Fwp%2Fv2%2Fcomments&post=15046"}],"version-history":[{"count":34,"href":"https:\/\/www.peryton.de\/blog\/index.php?rest_route=\/wp\/v2\/posts\/15046\/revisions"}],"predecessor-version":[{"id":15284,"href":"https:\/\/www.peryton.de\/blog\/index.php?rest_route=\/wp\/v2\/posts\/15046\/revisions\/15284"}],"wp:attachment":[{"href":"https:\/\/www.peryton.de\/blog\/index.php?rest_route=%2Fwp%2Fv2%2Fmedia&parent=15046"}],"wp:term":[{"taxonomy":"category","embeddable":true,"href":"https:\/\/www.peryton.de\/blog\/index.php?rest_route=%2Fwp%2Fv2%2Fcategories&post=15046"},{"taxonomy":"post_tag","embeddable":true,"href":"https:\/\/www.peryton.de\/blog\/index.php?rest_route=%2Fwp%2Fv2%2Ftags&post=15046"}],"curies":[{"name":"wp","href":"https:\/\/api.w.org\/{rel}","templated":true}]}}