{"id":15186,"date":"2020-12-06T19:04:07","date_gmt":"2020-12-06T18:04:07","guid":{"rendered":"https:\/\/www.peryton.de\/blog\/?p=15186"},"modified":"2020-12-07T23:59:21","modified_gmt":"2020-12-07T22:59:21","slug":"ces-temps-de-la-brume","status":"publish","type":"post","link":"https:\/\/www.peryton.de\/blog\/?p=15186","title":{"rendered":"[ temps de la brume. zeit des nebels ]"},"content":{"rendered":"<p align=\"left\">&nbsp;<\/p>\n<p align=\"center\"><a href=\"\/blog\/hanna poddig _ geltinger birk 2020-12-03_700x500.jpg\" target=\"_blank\" rel=\"noopener noreferrer\"> <img decoding=\"async\" src=\"\/blog\/tn_hanna poddig _ geltinger birk 2020-12-03_700x500.jpg\" border=\"0&quot;\" align=\"center\"\/><\/a><\/p>\n<p align=\"left\">&nbsp;<\/p>\n<p align=\"left\">\non s&#8217;\u00e9tait rencontr\u00e9, on \u00e9tait ensemble malgr\u00e9 la situation<br \/> covid et on a parl\u00e9 de la musique, ce soir. nos pr\u00e9f\u00e9rences<br \/> \u00e9taient bien diff\u00e9rentes. \u00e0 la fin nous avons \u00e9cout\u00e9 la chanson<br \/>\nd&#8217;un chansonnier hollandais, robert long. malheureusement<br \/>\nen allemand (pardon, mes amis fran\u00e7ais !). je l&#8217;ai \u00e9cout\u00e9<br \/>\nil y a presque trente ans. aujourd&#8217;hui, elle est toujours<br \/>\nd&#8217;actualit\u00e9 d&#8217;une mani\u00e8re ou l&#8217;autre, dans ce temps de la<br \/>\nbrume: <a href=\"https:\/\/peryton.de\/blog\/robert long - abschied (480p_25fps_H264-128kbit_AAC).mp4\" target=\"_blank\" rel=\"noopener noreferrer\">&#8222;abschied&#8220;<\/a>\u00b0. une fois, il faut qu&#8217;on trouve, l&#8217;autre<br \/>\nfois, il faut qu&#8217;on perde un\u00a0lien. \u00e0 la fin tes pr\u00e9f\u00e9rences sont<\/p>\n<p>d\u00e9terminantes<\/p>\n<p align=\"center\">&nbsp;<br \/>\n<b>&#8212;&#8211;<\/b><br \/>\n&nbsp;<\/p>\n<p align=\"left\">\nwir haben uns getroffen, waren zusammen trotz covid, sprachen<br \/>\n\u00fcber musik, an diesem abend. unsere vorlieben waren ziemlich<br \/>\nverschieden. am ende h\u00f6rten wir das lied eines holl\u00e4ndischen<br \/>\nliedermachers, robert long. leider auf deutsch (verzeiht, meine<br \/>\nfranz\u00f6sischen freunde!). ich h\u00f6rte es vor ungef\u00e4hr dreissig<br \/>\njahren. heute ist es immer noch aktuell, auf die eine oder andre<br \/>\nweise, in dieser zeit des nebels: <a href=\"https:\/\/peryton.de\/blog\/robert long - abschied (480p_25fps_H264-128kbit_AAC).mp4\" target=\"_blank\" rel=\"noopener noreferrer\">&#8222;abschied&#8220;<\/a>\u00b0. mal findest du, mal<br \/>\nverlierst du eine verbindung. am ende sind deine vorlieben<\/p>\n<p>entscheidend<\/p>\n<p align=\"left\">&nbsp;<\/p>\n<p align=\"center\">foto: temps de la brume<br \/>\nzeit des nebels<br \/>\ngeltinger birk, 03. dezember 2020<br \/>\naufnahme: <a href=\"\/blog\/?p=13405\" target=\"_blank\" rel=\"noopener noreferrer\">hanna poddig<\/a> \u00a9 2020<br \/>\n&nbsp;<br \/>\n[ <a href=\"\/blog\/temps de la brume _ 2020-12-06.pdf\" target=\"_blank\" rel=\"noopener noreferrer\">download \/ t\u00e9l\u00e9charger ce text (pdf)<\/a> ]<\/p>\n<p align=\"left\">\n<br \/>\n\u00b0 source externe\/externe quelle: <a href=\"https:\/\/www.youtube.com\/watch?v=FcwcaC_tneM\" target=\"_blank\" rel=\"noopener noreferrer\">youtube<\/a>. robert long \u00a9 1980<br \/>\n(faites attention, svp, cette pi\u00e8ce est cruelle et moqueuse !)<br \/>\n(achtung, dieses st\u00fcck ist grausam schnulzig!)<\/p>\n","protected":false},"excerpt":{"rendered":"<p>&nbsp; &nbsp; on s&#8217;\u00e9tait rencontr\u00e9, on \u00e9tait ensemble malgr\u00e9 la situation covid et on a parl\u00e9 de la musique, ce soir. nos pr\u00e9f\u00e9rences \u00e9taient bien diff\u00e9rentes. \u00e0 la fin nous avons \u00e9cout\u00e9 la chanson d&#8217;un chansonnier hollandais, robert long. malheureusement en allemand (pardon, mes amis fran\u00e7ais !). je l&#8217;ai \u00e9cout\u00e9 il y a presque trente [&hellip;]<\/p>\n","protected":false},"author":5,"featured_media":0,"comment_status":"open","ping_status":"open","sticky":false,"template":"","format":"standard","meta":{"footnotes":""},"categories":[1],"tags":[],"class_list":["post-15186","post","type-post","status-publish","format-standard","hentry","category-uncategorized"],"_links":{"self":[{"href":"https:\/\/www.peryton.de\/blog\/index.php?rest_route=\/wp\/v2\/posts\/15186","targetHints":{"allow":["GET"]}}],"collection":[{"href":"https:\/\/www.peryton.de\/blog\/index.php?rest_route=\/wp\/v2\/posts"}],"about":[{"href":"https:\/\/www.peryton.de\/blog\/index.php?rest_route=\/wp\/v2\/types\/post"}],"author":[{"embeddable":true,"href":"https:\/\/www.peryton.de\/blog\/index.php?rest_route=\/wp\/v2\/users\/5"}],"replies":[{"embeddable":true,"href":"https:\/\/www.peryton.de\/blog\/index.php?rest_route=%2Fwp%2Fv2%2Fcomments&post=15186"}],"version-history":[{"count":38,"href":"https:\/\/www.peryton.de\/blog\/index.php?rest_route=\/wp\/v2\/posts\/15186\/revisions"}],"predecessor-version":[{"id":15220,"href":"https:\/\/www.peryton.de\/blog\/index.php?rest_route=\/wp\/v2\/posts\/15186\/revisions\/15220"}],"wp:attachment":[{"href":"https:\/\/www.peryton.de\/blog\/index.php?rest_route=%2Fwp%2Fv2%2Fmedia&parent=15186"}],"wp:term":[{"taxonomy":"category","embeddable":true,"href":"https:\/\/www.peryton.de\/blog\/index.php?rest_route=%2Fwp%2Fv2%2Fcategories&post=15186"},{"taxonomy":"post_tag","embeddable":true,"href":"https:\/\/www.peryton.de\/blog\/index.php?rest_route=%2Fwp%2Fv2%2Ftags&post=15186"}],"curies":[{"name":"wp","href":"https:\/\/api.w.org\/{rel}","templated":true}]}}