{"id":15376,"date":"2021-07-25T13:29:49","date_gmt":"2021-07-25T12:29:49","guid":{"rendered":"https:\/\/www.peryton.de\/blog\/?p=15376"},"modified":"2021-07-25T17:43:43","modified_gmt":"2021-07-25T16:43:43","slug":"la-beaute-et-la-crotte-das-schoene-und-die-scheisse","status":"publish","type":"post","link":"https:\/\/www.peryton.de\/blog\/?p=15376","title":{"rendered":"[ la beaut\u00e9 et la crotte ]"},"content":{"rendered":"<p align=\"left\">&nbsp;<\/p>\n<p align=\"center\"><a href=\"\/blog\/la beaut\u00e9 et la crotte - peryton - 2021-07-20 - 700x850.jpg\" target=\"_blank\" rel=\"noopener noreferrer\"> <img decoding=\"async\" src=\"\/blog\/tn_la beaut\u00e9 et la crotte - peryton - 2021-07-20 - 700x850.jpg\" border=\"0&quot;\" align=\"center\"\/><\/a><\/p>\n<p align=\"left\">&nbsp;<\/p>\n<p align=\"left\">\net alors, demanda-t-il, tu es encore sur le march\u00e9 ? on<br \/>\ny est toujours, r\u00e9pondit-t-elle. et toi, georg, tu es aussi<br \/>\nsur le march\u00e9 ? non, dis-je, moi non plus. pas du tout<\/p>\n<p>ici, les papillons sont d&#8217;une beaut\u00e9 impressionnante. \u00e0<br \/>\nperte de vue, c&#8217;est la grande proximit\u00e9 des contrastes<\/p>\n<p>j&#8217;y suis arriv\u00e9 dans la vie quotidienne. on travail, on jure<br \/>\net on rit ensemble. on s&#8217;approche. les prochains jours je<br \/>\nsouscrirai le bail. enfin. oui, arriver, \u00e7a prend son temps<\/p>\n<p align=\"center\">&nbsp;<br \/>\n<b>&#8212;&#8211;<\/b><br \/>\n&nbsp;<\/p>\n<p align=\"left\">\nund nun bist du also wieder auf dem markt, fragte er?<br \/>\nda ist man doch immer, antwortete sie. und du, georg<br \/>\nbist du auch auf dem markt? nein, sage ich, gar nicht<\/p>\n<p>die schmetterling hier sind beeindruckend sch\u00f6n. und<br \/>\nun\u00fcbersehbar nah liegen die gegens\u00e4tze beieinander<\/p>\n<p>bin jetzt im alltag angekommen. man arbeitet, flucht, man<br \/>\nlacht zusammen. lernt sich kennen. den mietvertrag gibt&#8217;s<br \/>\nin den n\u00e4chsten tagen. ja, ankommen braucht seine zeit<\/p>\n<p align=\"left\">&nbsp;<\/p>\n<p align=\"center\">foto: la beaut\u00e9 et la crotte. das sch\u00f6ne und die scheisse<br \/>\ngrand mars changeant. grosser schillerfalter<br \/>\n(apatura iris)<br \/>\nkichompr\u00e9, 20. juli 2021<br \/>\n&nbsp;<br \/>\n[ <a href=\"\/blog\/la beaute et la crotte _ 2021-07-20.pdf\" target=\"_blank\" rel=\"noopener noreferrer\">download \/ t\u00e9l\u00e9charger ce text (pdf)<\/a> ]<\/p>\n","protected":false},"excerpt":{"rendered":"<p>&nbsp; &nbsp; et alors, demanda-t-il, tu es encore sur le march\u00e9 ? on y est toujours, r\u00e9pondit-t-elle. et toi, georg, tu es aussi sur le march\u00e9 ? non, dis-je, moi non plus. pas du tout ici, les papillons sont d&#8217;une beaut\u00e9 impressionnante. \u00e0 perte de vue, c&#8217;est la grande proximit\u00e9 des contrastes j&#8217;y suis arriv\u00e9 [&hellip;]<\/p>\n","protected":false},"author":5,"featured_media":0,"comment_status":"open","ping_status":"open","sticky":false,"template":"","format":"standard","meta":{"footnotes":""},"categories":[1],"tags":[],"class_list":["post-15376","post","type-post","status-publish","format-standard","hentry","category-uncategorized"],"_links":{"self":[{"href":"https:\/\/www.peryton.de\/blog\/index.php?rest_route=\/wp\/v2\/posts\/15376","targetHints":{"allow":["GET"]}}],"collection":[{"href":"https:\/\/www.peryton.de\/blog\/index.php?rest_route=\/wp\/v2\/posts"}],"about":[{"href":"https:\/\/www.peryton.de\/blog\/index.php?rest_route=\/wp\/v2\/types\/post"}],"author":[{"embeddable":true,"href":"https:\/\/www.peryton.de\/blog\/index.php?rest_route=\/wp\/v2\/users\/5"}],"replies":[{"embeddable":true,"href":"https:\/\/www.peryton.de\/blog\/index.php?rest_route=%2Fwp%2Fv2%2Fcomments&post=15376"}],"version-history":[{"count":11,"href":"https:\/\/www.peryton.de\/blog\/index.php?rest_route=\/wp\/v2\/posts\/15376\/revisions"}],"predecessor-version":[{"id":15387,"href":"https:\/\/www.peryton.de\/blog\/index.php?rest_route=\/wp\/v2\/posts\/15376\/revisions\/15387"}],"wp:attachment":[{"href":"https:\/\/www.peryton.de\/blog\/index.php?rest_route=%2Fwp%2Fv2%2Fmedia&parent=15376"}],"wp:term":[{"taxonomy":"category","embeddable":true,"href":"https:\/\/www.peryton.de\/blog\/index.php?rest_route=%2Fwp%2Fv2%2Fcategories&post=15376"},{"taxonomy":"post_tag","embeddable":true,"href":"https:\/\/www.peryton.de\/blog\/index.php?rest_route=%2Fwp%2Fv2%2Ftags&post=15376"}],"curies":[{"name":"wp","href":"https:\/\/api.w.org\/{rel}","templated":true}]}}