{"id":16166,"date":"2024-05-01T21:25:36","date_gmt":"2024-05-01T20:25:36","guid":{"rendered":"https:\/\/www.peryton.de\/blog\/?p=16166"},"modified":"2024-05-02T10:02:16","modified_gmt":"2024-05-02T09:02:16","slug":"le-calme-avant-die-stille-davor","status":"publish","type":"post","link":"https:\/\/www.peryton.de\/blog\/?p=16166","title":{"rendered":"[ le calme avant. die stille davor  ]"},"content":{"rendered":"<p align=\"center\"><a href=\"\/blog\/le calme avant _ peryton _ 2024-04-30 _ 3000x4000.jpg\" target=\"_blank\" rel=\"noopener noreferrer\"> <img decoding=\"async\" src=\"\/blog\/tn_le calme avant _ peryton _ 2024-04-30 _ 3000x4000.jpg\" border=\"0&quot;\" align=\"center\"\/><\/a><\/p>\n<p align=\"left\">&nbsp;<\/p>\n<p align=\"left\">\nbaissez le son un peu, les deux souffleurs<br \/>\ndisent \u00e0 l&#8217;homme \u00e0 l&#8217;orgue et \u00e0 l&#8217;homme \u00e0<br \/>\nla batterie et \u00e0 l&#8217;homme \u00e0 la guitare lors\u2028<br \/>\ndu soundcheck. apr\u00e8s le d\u00e9but du concert<br \/>\nleur demande est oubli\u00e9e. des bouchons<br \/>\nd&#8217;oreilles \u00e9pais me font tout endurer<\/p>\n<p align=\"center\">&nbsp;<br \/>\n<b>&#8212;&#8211;<\/b><br \/>\n&nbsp;<\/p>\n<p align=\"left\">\nmacht mal leiser, sagen die beiden bl\u00e4ser<br \/>\nzum mann an der orgel und zum mann am\u2028<br \/>\nschlagzeug und zum mann an der gitarre<br \/>\nw\u00e4hrend des soundchecks. als das konzert<br \/>\nbeginnt, ist die ermahnung vergessen. nur\u2028<br \/>\ndicke ohrenst\u00f6psel lassen mich durchhalten<\/p>\n<p align=\"left\">&nbsp;<\/p>\n<p align=\"center\">foto: le calme avant<br \/>\ndie stille davor<br \/>\nla caverne \u00e0 jazz<br \/>\nmarseille, 30. april 2024<br \/>\n&nbsp;<br \/>\n[ <a href=\"\/blog\/le calme avant _ 2024-05-01.pdf\" target=\"_blank\" rel=\"noopener noreferrer\">download \/ t\u00e9l\u00e9charger ce text (pdf)<\/a> ]<\/p>\n","protected":false},"excerpt":{"rendered":"<p>&nbsp; baissez le son un peu, les deux souffleurs disent \u00e0 l&#8217;homme \u00e0 l&#8217;orgue et \u00e0 l&#8217;homme \u00e0 la batterie et \u00e0 l&#8217;homme \u00e0 la guitare lors\u2028 du soundcheck. apr\u00e8s le d\u00e9but du concert leur demande est oubli\u00e9e. des bouchons d&#8217;oreilles \u00e9pais me font tout endurer &nbsp; &#8212;&#8211; &nbsp; macht mal leiser, sagen die beiden [&hellip;]<\/p>\n","protected":false},"author":5,"featured_media":0,"comment_status":"open","ping_status":"open","sticky":false,"template":"","format":"standard","meta":{"footnotes":""},"categories":[1],"tags":[],"class_list":["post-16166","post","type-post","status-publish","format-standard","hentry","category-uncategorized"],"_links":{"self":[{"href":"https:\/\/www.peryton.de\/blog\/index.php?rest_route=\/wp\/v2\/posts\/16166","targetHints":{"allow":["GET"]}}],"collection":[{"href":"https:\/\/www.peryton.de\/blog\/index.php?rest_route=\/wp\/v2\/posts"}],"about":[{"href":"https:\/\/www.peryton.de\/blog\/index.php?rest_route=\/wp\/v2\/types\/post"}],"author":[{"embeddable":true,"href":"https:\/\/www.peryton.de\/blog\/index.php?rest_route=\/wp\/v2\/users\/5"}],"replies":[{"embeddable":true,"href":"https:\/\/www.peryton.de\/blog\/index.php?rest_route=%2Fwp%2Fv2%2Fcomments&post=16166"}],"version-history":[{"count":5,"href":"https:\/\/www.peryton.de\/blog\/index.php?rest_route=\/wp\/v2\/posts\/16166\/revisions"}],"predecessor-version":[{"id":16173,"href":"https:\/\/www.peryton.de\/blog\/index.php?rest_route=\/wp\/v2\/posts\/16166\/revisions\/16173"}],"wp:attachment":[{"href":"https:\/\/www.peryton.de\/blog\/index.php?rest_route=%2Fwp%2Fv2%2Fmedia&parent=16166"}],"wp:term":[{"taxonomy":"category","embeddable":true,"href":"https:\/\/www.peryton.de\/blog\/index.php?rest_route=%2Fwp%2Fv2%2Fcategories&post=16166"},{"taxonomy":"post_tag","embeddable":true,"href":"https:\/\/www.peryton.de\/blog\/index.php?rest_route=%2Fwp%2Fv2%2Ftags&post=16166"}],"curies":[{"name":"wp","href":"https:\/\/api.w.org\/{rel}","templated":true}]}}