{"id":211,"date":"2004-09-19T01:41:50","date_gmt":"2004-09-18T23:41:50","guid":{"rendered":"http:\/\/www.peryton.de\/blog\/?p=211"},"modified":"2009-12-23T21:51:07","modified_gmt":"2009-12-23T19:51:07","slug":"unter-platanen","status":"publish","type":"post","link":"https:\/\/www.peryton.de\/blog\/?p=211","title":{"rendered":"[ unter platanen ]"},"content":{"rendered":"<p><font color=\"#000010\"><\/p>\n<p align=\"left\"><i><br \/>\nle vigan, 27.08.2004. unten, \u00fcber dem fluss, spannt sich die &#8218;vieux pont&#8216;  aus dem zw\u00f6lften jahrhundert, schwebt ihr bogen aus stein, spiegelt sich zum kreis, darunter schw\u00e4rme von forellen. sie saugen an der haut, wenn du den sonnenplatz am ende des chemin de la rivi\u00e8re findest und &#8211; deinen blick nach s\u00fcden &#8211; den fuss ins wasser senkst. kennst du dieses gef\u00fchl?<\/i><br \/>\n&nbsp;<\/p>\n<p><\/font><\/p>\n<p><strong><font color=\"#000010\"><\/p>\n<p align=center><a href=\"http:\/\/www.peryton.de\/blog\/le_vieux_pont__komp75.jpg\" target=\"_blank\"> <img decoding=\"async\" src=\"http:\/\/www.peryton.de\/blog\/tn_le_vieux_pont__komp75.jpg\" border=0\" align=\"center\"\/><\/a><br \/>\n&nbsp;<\/p>\n<p><\/font><\/strong><\/p>\n<p><font color=\"#000010\"><\/p>\n<p align=\"left\">\nein strassencaf\u00e9 unter platanen an der strassenecke gegen\u00fcber der sous-pr\u00e9fecture. im sp\u00e4tsommerschatten wandern erinnerungen. du tauchst prustend in das bergwasser des flusses, das den atem nimmt und dies bild einbrennt in meiner vergangenheit. die zeit zieht vorbei im schatten. eine wasseramsel: heller schrei aus weisser brust, verborgen zwischen moos und gischt und heissen steinen<\/p>\n<p align=\"left\"><i><br \/>\nyou want to find anything? tu cherches quelque-chose? &#8211; non, merci, j&#8217;ai tout trouv\u00e9<\/i><\/p>\n<p align=\"left\">\nim schatten jener platanen, an der ecke der avenue jeanne d&#8217;arc, gegen\u00fcber der sous-pr\u00e9fecture: geschlossene fensterl\u00e4den. tr\u00e4ge sackt die tricolore an ihrem galgenstrick. un caf\u00e9 noir, bien sucr\u00e9, avec de l&#8217;eau clair. ja, mit klarem kaltem wasser und die sonne r\u00fcckt weiter, ein st\u00fcck, dem herbst entgegen, ja, verdammt: unaufhaltsam dem herbst entgegen. un caf\u00e9 noir, eine wasseramsel unter der alten br\u00fccke, nebenan bei den forellen, nebenan bei den clochards, die so jung sind, die immer j\u00fcnger werden, immer mehr: die schatten am rand der schatten<\/p>\n<p align=\"left\">\ndoch hier, unter den platanen, zieht meine zeit vor\u00fcber wie die fische unter dem romanischem bogen, wie meine erinnerung an deine haut: tu te rappelles, mon amie?<\/p>\n<p align=\"right\"><i>tu te rappelles?<\/i><br \/>\n&nbsp;<\/p>\n<p><\/font><\/p>\n<p><font color=\"#404040\"><\/p>\n<p align=\"center\">\nfoto: le vigan, 28. august 2004<\/p>\n<p><\/font><br \/><\/p>\n","protected":false},"excerpt":{"rendered":"<p>le vigan, 27.08.2004. unten, \u00fcber dem fluss, spannt sich die &#8218;vieux pont&#8216; aus dem zw\u00f6lften jahrhundert, schwebt ihr bogen aus stein, spiegelt sich zum kreis, darunter schw\u00e4rme von forellen. sie saugen an der haut, wenn du den sonnenplatz am ende des chemin de la rivi\u00e8re findest und &#8211; deinen blick nach s\u00fcden &#8211; den fuss [&hellip;]<\/p>\n","protected":false},"author":5,"featured_media":0,"comment_status":"open","ping_status":"closed","sticky":false,"template":"","format":"standard","meta":{"footnotes":""},"categories":[1],"tags":[],"class_list":["post-211","post","type-post","status-publish","format-standard","hentry","category-uncategorized"],"_links":{"self":[{"href":"https:\/\/www.peryton.de\/blog\/index.php?rest_route=\/wp\/v2\/posts\/211","targetHints":{"allow":["GET"]}}],"collection":[{"href":"https:\/\/www.peryton.de\/blog\/index.php?rest_route=\/wp\/v2\/posts"}],"about":[{"href":"https:\/\/www.peryton.de\/blog\/index.php?rest_route=\/wp\/v2\/types\/post"}],"author":[{"embeddable":true,"href":"https:\/\/www.peryton.de\/blog\/index.php?rest_route=\/wp\/v2\/users\/5"}],"replies":[{"embeddable":true,"href":"https:\/\/www.peryton.de\/blog\/index.php?rest_route=%2Fwp%2Fv2%2Fcomments&post=211"}],"version-history":[{"count":1,"href":"https:\/\/www.peryton.de\/blog\/index.php?rest_route=\/wp\/v2\/posts\/211\/revisions"}],"predecessor-version":[{"id":11921,"href":"https:\/\/www.peryton.de\/blog\/index.php?rest_route=\/wp\/v2\/posts\/211\/revisions\/11921"}],"wp:attachment":[{"href":"https:\/\/www.peryton.de\/blog\/index.php?rest_route=%2Fwp%2Fv2%2Fmedia&parent=211"}],"wp:term":[{"taxonomy":"category","embeddable":true,"href":"https:\/\/www.peryton.de\/blog\/index.php?rest_route=%2Fwp%2Fv2%2Fcategories&post=211"},{"taxonomy":"post_tag","embeddable":true,"href":"https:\/\/www.peryton.de\/blog\/index.php?rest_route=%2Fwp%2Fv2%2Ftags&post=211"}],"curies":[{"name":"wp","href":"https:\/\/api.w.org\/{rel}","templated":true}]}}