{"id":271,"date":"2005-10-16T18:13:56","date_gmt":"2005-10-16T16:13:56","guid":{"rendered":"http:\/\/www.peryton.de\/blog\/?p=271"},"modified":"2009-12-23T18:50:53","modified_gmt":"2009-12-23T16:50:53","slug":"aujourdhui-lune-pleine","status":"publish","type":"post","link":"https:\/\/www.peryton.de\/blog\/?p=271","title":{"rendered":"[ aujourd&#8217;hui: pleine lune ]"},"content":{"rendered":"<p><strong><font color=\"#000080\"><\/p>\n<p align=center><a href=\"http:\/\/www.peryton.de\/blog\/wp-content\/lune-pleine_marseille_I_16-10-2005_426x600.jpg\" target=\"_blank\"> <img decoding=\"async\" src=\"http:\/\/www.peryton.de\/blog\/wp-content\/tn_lune-pleine_marseille_I_16-10-2005_426x600.jpg\" border=0\" align=\"center\"\/><\/a><br \/>\n&nbsp;<\/p>\n<p><\/font><\/strong><\/p>\n<p><font color=\"#000010\"><\/p>\n<p align=\"left\">\nder regen ist schuld, sage ich, dass ich mit schnupfen<br \/>\naufgewacht bin und folge auf irrwegen den strassen-<br \/>\nnamen inneliegenden versprechen. cours julien, ein<br \/>\nziel, ersch\u00f6pfte pause. fieber l\u00e4sst mich fr\u00f6steln<\/p>\n<p align=\"left\">\neine szene unter kastanien f\u00e4ngt mich ein, traurige<br \/>\nz\u00e4rtlichkeit liegt in den k\u00fcssen. dass ich die lippen-<br \/>\nlaute nicht verstehen kann, hineingefl\u00fcstert in die<br \/>\nnackenwolle, erleichtert mich; dies ist ein einseitiger<br \/>\nabschied. ich kenne die worte, die kosenamen, die<br \/>\nfalte auf der andern stirn wie meine, das nein, ver-<br \/>\nschwiegen zwischen harten schultern, in kaffeetassen<br \/>\nunz\u00e4hlige male einger\u00fchrt, herausgestossen mit dem<br \/>\nrauch abgebrannter zigaretten. ich kenne die hoff-<br \/>\nnungslosigkeit wie meine geheimen narben auch<\/p>\n<p align=\"left\">\nder regen ist schuld, sage ich. und der vollmond der<br \/>\nvergangnen nacht tarnte sich unvollkommen hinter<br \/>\nwolken, weckte mich, wies dem traumpferd seinen<br \/>\nweg an durch mein zelt, mein steppentipi, und als ich<br \/>\ndich fragen wollte, wohin es entschwunden sei, schau-<br \/>\nte ich in das gesicht des mondes, draussen \u00fcber dem<br \/>\nh\u00fcgel, \u00fcber dem meer, ewig und ohne antwort<br \/>\n&nbsp;<\/p>\n<p><\/font><\/p>\n<p><font color=\"#404040\"><\/p>\n<p align=center>\nfoto: pleine lune. marseille, 16. oktober 2005<\/p>\n<p><\/font><br \/><\/p>\n","protected":false},"excerpt":{"rendered":"","protected":false},"author":5,"featured_media":0,"comment_status":"open","ping_status":"closed","sticky":false,"template":"","format":"standard","meta":{"footnotes":""},"categories":[1],"tags":[],"class_list":["post-271","post","type-post","status-publish","format-standard","hentry","category-uncategorized"],"_links":{"self":[{"href":"https:\/\/www.peryton.de\/blog\/index.php?rest_route=\/wp\/v2\/posts\/271","targetHints":{"allow":["GET"]}}],"collection":[{"href":"https:\/\/www.peryton.de\/blog\/index.php?rest_route=\/wp\/v2\/posts"}],"about":[{"href":"https:\/\/www.peryton.de\/blog\/index.php?rest_route=\/wp\/v2\/types\/post"}],"author":[{"embeddable":true,"href":"https:\/\/www.peryton.de\/blog\/index.php?rest_route=\/wp\/v2\/users\/5"}],"replies":[{"embeddable":true,"href":"https:\/\/www.peryton.de\/blog\/index.php?rest_route=%2Fwp%2Fv2%2Fcomments&post=271"}],"version-history":[{"count":2,"href":"https:\/\/www.peryton.de\/blog\/index.php?rest_route=\/wp\/v2\/posts\/271\/revisions"}],"predecessor-version":[{"id":11763,"href":"https:\/\/www.peryton.de\/blog\/index.php?rest_route=\/wp\/v2\/posts\/271\/revisions\/11763"}],"wp:attachment":[{"href":"https:\/\/www.peryton.de\/blog\/index.php?rest_route=%2Fwp%2Fv2%2Fmedia&parent=271"}],"wp:term":[{"taxonomy":"category","embeddable":true,"href":"https:\/\/www.peryton.de\/blog\/index.php?rest_route=%2Fwp%2Fv2%2Fcategories&post=271"},{"taxonomy":"post_tag","embeddable":true,"href":"https:\/\/www.peryton.de\/blog\/index.php?rest_route=%2Fwp%2Fv2%2Ftags&post=271"}],"curies":[{"name":"wp","href":"https:\/\/api.w.org\/{rel}","templated":true}]}}