{"id":280,"date":"2005-10-31T09:00:36","date_gmt":"2005-10-31T07:00:36","guid":{"rendered":"http:\/\/www.peryton.de\/blog\/?p=280"},"modified":"2009-12-16T13:40:24","modified_gmt":"2009-12-16T11:40:24","slug":"aufruf-zu-jagdsabotage-durch-die-grunen","status":"publish","type":"post","link":"https:\/\/www.peryton.de\/blog\/?p=280","title":{"rendered":"[ schlimm: &#8218;gr\u00fcne&#8216; rufen zu jagdsabotage auf! ]"},"content":{"rendered":"<p><strong><font color=\"#000010\"><\/p>\n<p align=\"left\">\nkiel &#8222;<em>tierschutz in schleswig-holstein hei\u00dft, die tiere<br \/>\nvor dieser landesregierung zu sch\u00fctzen<\/em>&#8222;, sagte karl-<br \/>\nmartin hentschel, umweltpolitischer sprecher der gr\u00fc-<br \/>\nnen landtagsfraktion schleswig-holsteins,  laut einem<br \/>\nartikel in der <a href=\"http:\/\/www.welt.de\/data\/2005\/10\/08\/785960.html\" target=\"_blank\">welt (29. 10. 2005)<\/a> und rief damit indi-<br \/>\nrekt zu einer sabotage der von der landesregierung<br \/>\nf\u00fcr den 17. november 2005 im staatsforst segeberg<br \/>\ngeplanten &#8217;staatsjagd&#8216; auf<br \/>\n&nbsp;<\/p>\n<p><\/font><\/strong><\/p>\n<p><font color=\"#000010\"><\/p>\n<p align=\"right\">\n\u00fcberrascht von so viel progressiver militanz auf seiten der<br \/>\ngr\u00fcnen landtagsfraktion, doch gleichermassen sicher, da-<br \/>\nmit den horizont politischer gemeinsamkeit erreicht zu ha-<br \/>\nben, fordert peryton hiermit die massenhafte unterst\u00fct-<br \/>\nzung dieses aufrufs mit der aussicht, die geplante staats-<br \/>\njagd zu verhindern und somit den schutz und erhalt der<br \/>\ndurch bejagung gef\u00e4hrdeten lebenwesen zu erreichen<\/p>\n<p align=\"right\">\nselbstverst\u00e4ndlich werden hierbei die vielf\u00e4ltigen gewaltfrei-<br \/>\nen methoden des protestes bevorzugt, worunter alles zu<br \/>\nverstehen sein kann, was nicht zur besch\u00e4digung von lebe-<br \/>\nwesen, aber zum erhalt der bedrohten &#8218;jagdbaren wildtiere&#8216;<br \/>\nf\u00fchrt &#8211; naturschutz im eigentlichen sinne\n<\/p>\n<p><\/font><br \/><\/p>\n","protected":false},"excerpt":{"rendered":"<p>kiel &#8222;tierschutz in schleswig-holstein hei\u00dft, die tiere vor dieser landesregierung zu sch\u00fctzen&#8222;, sagte karl- martin hentschel, umweltpolitischer sprecher der gr\u00fc- nen landtagsfraktion schleswig-holsteins, laut einem artikel in der welt (29. 10. 2005) und rief damit indi- rekt zu einer sabotage der von der landesregierung f\u00fcr den 17. november 2005 im staatsforst segeberg geplanten &#8217;staatsjagd&#8216; auf [&hellip;]<\/p>\n","protected":false},"author":5,"featured_media":0,"comment_status":"open","ping_status":"closed","sticky":false,"template":"","format":"standard","meta":{"footnotes":""},"categories":[1],"tags":[],"class_list":["post-280","post","type-post","status-publish","format-standard","hentry","category-uncategorized"],"_links":{"self":[{"href":"https:\/\/www.peryton.de\/blog\/index.php?rest_route=\/wp\/v2\/posts\/280","targetHints":{"allow":["GET"]}}],"collection":[{"href":"https:\/\/www.peryton.de\/blog\/index.php?rest_route=\/wp\/v2\/posts"}],"about":[{"href":"https:\/\/www.peryton.de\/blog\/index.php?rest_route=\/wp\/v2\/types\/post"}],"author":[{"embeddable":true,"href":"https:\/\/www.peryton.de\/blog\/index.php?rest_route=\/wp\/v2\/users\/5"}],"replies":[{"embeddable":true,"href":"https:\/\/www.peryton.de\/blog\/index.php?rest_route=%2Fwp%2Fv2%2Fcomments&post=280"}],"version-history":[{"count":1,"href":"https:\/\/www.peryton.de\/blog\/index.php?rest_route=\/wp\/v2\/posts\/280\/revisions"}],"predecessor-version":[{"id":11448,"href":"https:\/\/www.peryton.de\/blog\/index.php?rest_route=\/wp\/v2\/posts\/280\/revisions\/11448"}],"wp:attachment":[{"href":"https:\/\/www.peryton.de\/blog\/index.php?rest_route=%2Fwp%2Fv2%2Fmedia&parent=280"}],"wp:term":[{"taxonomy":"category","embeddable":true,"href":"https:\/\/www.peryton.de\/blog\/index.php?rest_route=%2Fwp%2Fv2%2Fcategories&post=280"},{"taxonomy":"post_tag","embeddable":true,"href":"https:\/\/www.peryton.de\/blog\/index.php?rest_route=%2Fwp%2Fv2%2Ftags&post=280"}],"curies":[{"name":"wp","href":"https:\/\/api.w.org\/{rel}","templated":true}]}}