{"id":323,"date":"2005-12-29T00:10:41","date_gmt":"2005-12-28T23:10:41","guid":{"rendered":"http:\/\/www.peryton.de\/blog\/?p=323"},"modified":"2009-12-31T15:23:08","modified_gmt":"2009-12-31T13:23:08","slug":"anfrage-wegen-jagdunwesen-in-nrw","status":"publish","type":"post","link":"https:\/\/www.peryton.de\/blog\/?p=323","title":{"rendered":"[ anfrage wegen jagdunwesens ]"},"content":{"rendered":"<p><font color=\"#000010\"><\/p>\n<p align=\"left\"><i><br \/>\nto: b+n@xxx.net<br \/>\ndate: thu, 08 dec 2005 18:23:35 +0100<br \/>\nsubject: <strong>re: jagdrecht in nrw &#8211; wer kann uns helfen?<\/strong><br \/>\nreply to: info@peryton.de<\/i><\/p>\n<p align=\"left\">\nhallo b., hallo n.<\/p>\n<p align=\"left\">\nich verstehe sehr wohl eure emp\u00f6rung, nicht aber die<br \/>\nkonsequenzen, die ihr pers\u00f6nlich daraus ziehen wollt,<br \/>\nnachdem ihr wortreich &#8218;luft abgelassen&#8216; habt<\/p>\n<p align=\"left\">\nihr schreibt:<br \/>\n<em><strong><br \/>\n&#8222;wir wollen keinen gerichtlich-juristischen streit vom<br \/>\nzaun  brechen. da haben wir keine lust zu. aber: wir<br \/>\nwollen erreichen, dass die j\u00e4ger auch unsere sorgen<br \/>\nund n\u00f6te ernst nehmen und uns gef\u00e4lligst das n\u00e4chste<br \/>\nmal rechtzeitig informieren, damit wir unsere freig\u00e4n-<br \/>\nger-katzen entsprechend &#8218;einholen&#8216; k\u00f6nnen. und wir<br \/>\nwollen, dass unser recht auf privatsph\u00e4re geachtet<br \/>\nsowie unser leben nicht in gefahr gebracht wird durch<br \/>\numherballernde j\u00e4ger, die sich darum offenbar keinen<br \/>\nkopf machen&#8220;<\/strong><\/em><\/p>\n<p align=\"left\">\nihr werdet erkennen m\u00fcssen, dass das staatssystem, in<br \/>\ndem ihr lebt, allgemein wenig freiraum f\u00fcr privatsph\u00e4re<br \/>\nl\u00e4sst und wenn die &#8217;staatsraison&#8216; es f\u00fcr n\u00f6tig erachtet<br \/>\nauch gar keine; wenn ihr das ge\u00e4ndert sehen wollt, m\u00fcsst<br \/>\nihr schon mehr tun, als streit zu vermeiden<\/p>\n<p align=\"left\">\nzumal es beim von euch kritisierten verhalten der jagen-<br \/>\nden um grunds\u00e4tzlicheres geht, als um eurer privates<br \/>\ngl\u00fcck bzw. &#8218;unser leben&#8216; und\/oder nur das leben &#8218;eurer&#8216;<br \/>\nkatzen. j\u00e4hrlich werden in deutschland im zuge ganz nor-<br \/>\nmalen jagdlichen treibens etwa 5 millionen tiere umge-<br \/>\nbracht. wie steht es denn damit? unwichtig?<\/p>\n<p align=\"left\">\noder soll ich eure anfrage so verstehen, das ihr <em>eigent-<br \/>\nlich<\/em> etwas \u00e4ndern wollt, aber das beklagte euch doch<br \/>\nnicht so beleidigt, dass das argument des &#8218;da haben wir<br \/>\nkeine lust zu&#8216; ausreicht, eure h\u00f6chstpers\u00f6nliche ausein-<br \/>\nandersetzung an andere zu deligieren? (<em>&#8218;wir&#8216;<\/em> sollen da<br \/>\n&#8218;lust zu&#8216; haben???) auch dies kann ich mit einem klaren<br \/>\n&#8217;nein&#8216; beantworten: ich geh\u00f6re keiner partei an. das ge-<br \/>\nbaren einer lobbydemokratie liegt mir fern &#8211; das vertreten<br \/>\nrein privater interessen ebenso<\/p>\n<p align=\"left\">\nich selbst kann euch daher nicht weiterhelfen. ihr habt<br \/>\nsignalisiert, dass euch an einer \u00e4nderung des grunds\u00e4tz-<br \/>\nlichen nicht gelegen ist. wohl sieht das europ\u00e4ische recht<br \/>\ndas \u00fcbergreifen deutschen jagdrechts in das eigentums-<br \/>\nrecht als unrechtm\u00e4ssig an &#8211; um diesen juristischen<br \/>\nmissstand zu ver\u00e4ndern, m\u00fcsstet ihr aber auf juristisch-<br \/>\nem wege euren &#8218;heimatstaat&#8216; dazu zwingen, das \u00fcberge-<br \/>\nordnet geltende europ\u00e4ische recht anzuerkennen. aber<br \/>\nihr wollt ja keinen streit<\/p>\n<p align=\"left\">\nwenn die j\u00e4ger das n\u00e4chste mal \u00fcber euer grundst\u00fcck<br \/>\nlaufen, wisst ihr also, dass sie das <em>eigentlich<\/em> nicht<br \/>\nd\u00fcrfen &#8211; unabh\u00e4ngig davon, nein sogar im widerspruch<br \/>\ndazu, was euch die polizisten f\u00e4lschlicherweise gesagt<br \/>\nhaben (aber das tun die, wie ich euch versichern kann, in<br \/>\n99% der f\u00e4lle) &#8211; zumal ihr sogar ein hausverbot erteilt<br \/>\nhabt. (ob das allerdings juristisch durchsetzbar ist &#8230;<br \/>\nernster zu nehmen ist vermutlich die tatsache, dass<br \/>\ngegen euren willen bewaffnete menschen euer grund-<br \/>\nst\u00fcck betreten haben, womit der landfrieden in schwerer<br \/>\nweise gebrochen sein k\u00f6nnte. <em>das<\/em> ist juristisch wahr-<br \/>\nscheinlich viel interessanter) &#8230; aber selbst im besag-<br \/>\nten wiederholungsfalle w\u00e4re mehr engagement von-<br \/>\nn\u00f6ten, als jenes der konfliktvermeidung<\/p>\n<p align=\"left\">\nkurz: demokratie fusst auf dem konstruktiven streit. und<br \/>\nfreiheit ist ein sagenumwobenes ideal, das zu leben erst<br \/>\nm\u00f6glich wird, wenn ich mir meinen eigenen standpunkt &#8230;<br \/>\nerstritten habe<\/p>\n<p align=\"left\">\nich denke, die wichtigsten fragen wurden euch beantwor-<br \/>\ntet, ich habe diese email aber an andere (tolerantere) mit<br \/>\ndem thema &#8218;jagd&#8216; vertraute weitergeleitet &#8211; und w\u00fcnsche<br \/>\neuch alles erreichbare gl\u00fcck auf euren weiteren wegen<\/p>\n<p align=\"left\">\ngeorg hemprich (peryton)<\/p>\n<p><\/font><br \/><\/p>\n","protected":false},"excerpt":{"rendered":"<p>to: b+n@xxx.net date: thu, 08 dec 2005 18:23:35 +0100 subject: re: jagdrecht in nrw &#8211; wer kann uns helfen? reply to: info@peryton.de hallo b., hallo n. ich verstehe sehr wohl eure emp\u00f6rung, nicht aber die konsequenzen, die ihr pers\u00f6nlich daraus ziehen wollt, nachdem ihr wortreich &#8218;luft abgelassen&#8216; habt ihr schreibt: &#8222;wir wollen keinen gerichtlich-juristischen streit [&hellip;]<\/p>\n","protected":false},"author":5,"featured_media":0,"comment_status":"open","ping_status":"closed","sticky":false,"template":"","format":"standard","meta":{"footnotes":""},"categories":[1],"tags":[],"class_list":["post-323","post","type-post","status-publish","format-standard","hentry","category-uncategorized"],"_links":{"self":[{"href":"https:\/\/www.peryton.de\/blog\/index.php?rest_route=\/wp\/v2\/posts\/323","targetHints":{"allow":["GET"]}}],"collection":[{"href":"https:\/\/www.peryton.de\/blog\/index.php?rest_route=\/wp\/v2\/posts"}],"about":[{"href":"https:\/\/www.peryton.de\/blog\/index.php?rest_route=\/wp\/v2\/types\/post"}],"author":[{"embeddable":true,"href":"https:\/\/www.peryton.de\/blog\/index.php?rest_route=\/wp\/v2\/users\/5"}],"replies":[{"embeddable":true,"href":"https:\/\/www.peryton.de\/blog\/index.php?rest_route=%2Fwp%2Fv2%2Fcomments&post=323"}],"version-history":[{"count":1,"href":"https:\/\/www.peryton.de\/blog\/index.php?rest_route=\/wp\/v2\/posts\/323\/revisions"}],"predecessor-version":[{"id":11933,"href":"https:\/\/www.peryton.de\/blog\/index.php?rest_route=\/wp\/v2\/posts\/323\/revisions\/11933"}],"wp:attachment":[{"href":"https:\/\/www.peryton.de\/blog\/index.php?rest_route=%2Fwp%2Fv2%2Fmedia&parent=323"}],"wp:term":[{"taxonomy":"category","embeddable":true,"href":"https:\/\/www.peryton.de\/blog\/index.php?rest_route=%2Fwp%2Fv2%2Fcategories&post=323"},{"taxonomy":"post_tag","embeddable":true,"href":"https:\/\/www.peryton.de\/blog\/index.php?rest_route=%2Fwp%2Fv2%2Ftags&post=323"}],"curies":[{"name":"wp","href":"https:\/\/api.w.org\/{rel}","templated":true}]}}