{"id":834,"date":"2007-06-12T00:10:06","date_gmt":"2007-06-11T22:10:06","guid":{"rendered":"http:\/\/www.peryton.de\/blog\/?p=834"},"modified":"2007-07-23T15:35:44","modified_gmt":"2007-07-23T13:35:44","slug":"ich-bin-ein-autonomer-herr-schauble","status":"publish","type":"post","link":"https:\/\/www.peryton.de\/blog\/?p=834","title":{"rendered":"[ ich bin ein autonomer, herr sch\u00e4uble ]"},"content":{"rendered":"<p><font color=\"#000010\"><\/p>\n<p align=\"left\">\nja, ich bin genervt. die jubelmeldungen \u00fcber den erfolg-<br \/>\nreichen vollzug der grossveranstaltung &#8218;g8&#8216; gehen durch<br \/>\ndie <a href=\"http:\/\/www.focus.de\/politik\/deutschland\/g8-gipfel\/g8_aid_62791.html\" target=\"_blank\">schamlos<\/a>e presse. eintausendeinhundertsechsund-<br \/>\nvierzig demonstrierende festgenommen; immerhin wa-<br \/>\nren die k\u00e4fige f\u00fcnfundzwanzig quadratmeter ger\u00e4umig;<br \/>\nunvorstellbarer wohnluxus f\u00fcr das akkordhuhn, das am<br \/>\nn\u00e4chsten sonntag auch auf deinem teller liegen k\u00f6nnte<\/p>\n<p align=\"left\">\nseit \u00f6ffentlich wurde, dass die angaben der polizei zur<br \/>\nzahl ihrer verletzten gelogen waren, wird nicht weiter<br \/>\ngefragt \u00fcber die zahl der zivilen verletzten und \u00fcber die<br \/>\numst\u00e4nde, <a href=\"http:\/\/de.indymedia.org\/2007\/06\/184032.shtml\" target=\"_blank\">wie sie zu schaden kamen<\/a>. das alles nennt<br \/>\nsich demokratie. oder so \u00e4hnlich. aber das ist ja auch<br \/>\nnicht wichtig, denn eigenst\u00e4ndige menschen &#8211; autono-<br \/>\nme, herr sch\u00e4uble! &#8211; k\u00f6nnen derartiges nicht akzeptie-<br \/>\nren. freiheit ist das bessere ziel. zumal ein erreichbares<\/p>\n<p align=\"left\">\nmein vorschlag f\u00fcr den n\u00e4chsten g8-gipfel, 2008 in ja-<br \/>\npan, ist ein einfacher. wenn die selbsternannten m\u00e4ch-<br \/>\ntigen ausser landes sind, holen wir uns die parlamente<br \/>\nzur\u00fcck, r\u00e4umen aus, was zur\u00fcckgeblieben ist an altem<br \/>\nmuff und mott und sprechen \u00fcber alle kan\u00e4le in unser-<br \/>\ner eigenen sprache: freiheit ist genauso wenig herstell-<br \/>\nbar wie frieden; aber der anfang <a href=\"http:\/\/www.peryton.de\/blog\/?p=835\" target=\"_blank\">muss<\/a> getan werden<\/p>\n<p><\/font><br \/><\/p>\n","protected":false},"excerpt":{"rendered":"<p>ja, ich bin genervt. die jubelmeldungen \u00fcber den erfolg- reichen vollzug der grossveranstaltung &#8218;g8&#8216; gehen durch die schamlose presse. eintausendeinhundertsechsund- vierzig demonstrierende festgenommen; immerhin wa- ren die k\u00e4fige f\u00fcnfundzwanzig quadratmeter ger\u00e4umig; unvorstellbarer wohnluxus f\u00fcr das akkordhuhn, das am n\u00e4chsten sonntag auch auf deinem teller liegen k\u00f6nnte seit \u00f6ffentlich wurde, dass die angaben der polizei zur [&hellip;]<\/p>\n","protected":false},"author":5,"featured_media":0,"comment_status":"open","ping_status":"closed","sticky":false,"template":"","format":"standard","meta":{"footnotes":""},"categories":[1],"tags":[],"class_list":["post-834","post","type-post","status-publish","format-standard","hentry","category-uncategorized"],"_links":{"self":[{"href":"https:\/\/www.peryton.de\/blog\/index.php?rest_route=\/wp\/v2\/posts\/834","targetHints":{"allow":["GET"]}}],"collection":[{"href":"https:\/\/www.peryton.de\/blog\/index.php?rest_route=\/wp\/v2\/posts"}],"about":[{"href":"https:\/\/www.peryton.de\/blog\/index.php?rest_route=\/wp\/v2\/types\/post"}],"author":[{"embeddable":true,"href":"https:\/\/www.peryton.de\/blog\/index.php?rest_route=\/wp\/v2\/users\/5"}],"replies":[{"embeddable":true,"href":"https:\/\/www.peryton.de\/blog\/index.php?rest_route=%2Fwp%2Fv2%2Fcomments&post=834"}],"version-history":[{"count":0,"href":"https:\/\/www.peryton.de\/blog\/index.php?rest_route=\/wp\/v2\/posts\/834\/revisions"}],"wp:attachment":[{"href":"https:\/\/www.peryton.de\/blog\/index.php?rest_route=%2Fwp%2Fv2%2Fmedia&parent=834"}],"wp:term":[{"taxonomy":"category","embeddable":true,"href":"https:\/\/www.peryton.de\/blog\/index.php?rest_route=%2Fwp%2Fv2%2Fcategories&post=834"},{"taxonomy":"post_tag","embeddable":true,"href":"https:\/\/www.peryton.de\/blog\/index.php?rest_route=%2Fwp%2Fv2%2Ftags&post=834"}],"curies":[{"name":"wp","href":"https:\/\/api.w.org\/{rel}","templated":true}]}}