{"id":883,"date":"2007-09-29T00:10:22","date_gmt":"2007-09-28T22:10:22","guid":{"rendered":"http:\/\/www.peryton.de\/blog\/?p=883"},"modified":"2013-09-19T18:30:17","modified_gmt":"2013-09-19T16:30:17","slug":"mude-tage-kuhle-nachte-ii","status":"publish","type":"post","link":"https:\/\/www.peryton.de\/blog\/?p=883","title":{"rendered":"[ m\u00fcde tage, k\u00fchle n\u00e4chte II ]"},"content":{"rendered":"<p><font color=\"#000010\"><\/p>\n<p align=center><a href=\"http:\/\/www.peryton.de\/blog\/wp-content\/weidensumpf_II_siggenweiler_14-09-2009_700x476.jpg\" target=\"_blank\"> <img decoding=\"async\" src=\"http:\/\/www.peryton.de\/blog\/wp-content\/tn_weidensumpf_II_siggenweiler_14-09-2009_700x476.jpg\" border=0\" align=\"center\"\/><\/a><br \/>\n&nbsp;<\/p>\n<p><\/font><\/p>\n<p><font color=\"#000010\"><\/p>\n<p align=\"left\">\nschmalbl\u00e4ttriger rohrkolben, die fr\u00fcchte aufgeplatzt<br \/>\nund auseinanderquellend, kohldisteln stehen in typi-<br \/>\nschem gelbgr\u00fcn, letzte sumpfweidenr\u00f6schen bl\u00fchen<br \/>\nund der kleine baldrian, beinah \u00fcbersehen, am rand<\/p>\n<p align=\"left\">\nman muss nicht mit jedem ins bett gehen, sagt sie. die<br \/>\nstille, die darauf folgt, ist kurz, ist wundersch\u00f6n. dann<br \/>\nlachen wir uns entgegen, telefonwelten fern voneinan-<br \/>\nder und &#8230; irgendwie voreinander sicher. diesmal noch<br \/>\n&nbsp;<\/p>\n<p><\/font><\/p>\n<p><font color=\"#404040\"><\/p>\n<p align=center>\nfoto: <em>im grauweiden-sumpf (II)<\/em><br \/>\nsiggenweiler, 14. september 2007<\/p>\n<p><\/font><br \/><\/p>\n","protected":false},"excerpt":{"rendered":"","protected":false},"author":5,"featured_media":0,"comment_status":"open","ping_status":"closed","sticky":false,"template":"","format":"standard","meta":{"footnotes":""},"categories":[1],"tags":[],"class_list":["post-883","post","type-post","status-publish","format-standard","hentry","category-uncategorized"],"_links":{"self":[{"href":"https:\/\/www.peryton.de\/blog\/index.php?rest_route=\/wp\/v2\/posts\/883","targetHints":{"allow":["GET"]}}],"collection":[{"href":"https:\/\/www.peryton.de\/blog\/index.php?rest_route=\/wp\/v2\/posts"}],"about":[{"href":"https:\/\/www.peryton.de\/blog\/index.php?rest_route=\/wp\/v2\/types\/post"}],"author":[{"embeddable":true,"href":"https:\/\/www.peryton.de\/blog\/index.php?rest_route=\/wp\/v2\/users\/5"}],"replies":[{"embeddable":true,"href":"https:\/\/www.peryton.de\/blog\/index.php?rest_route=%2Fwp%2Fv2%2Fcomments&post=883"}],"version-history":[{"count":3,"href":"https:\/\/www.peryton.de\/blog\/index.php?rest_route=\/wp\/v2\/posts\/883\/revisions"}],"predecessor-version":[{"id":12948,"href":"https:\/\/www.peryton.de\/blog\/index.php?rest_route=\/wp\/v2\/posts\/883\/revisions\/12948"}],"wp:attachment":[{"href":"https:\/\/www.peryton.de\/blog\/index.php?rest_route=%2Fwp%2Fv2%2Fmedia&parent=883"}],"wp:term":[{"taxonomy":"category","embeddable":true,"href":"https:\/\/www.peryton.de\/blog\/index.php?rest_route=%2Fwp%2Fv2%2Fcategories&post=883"},{"taxonomy":"post_tag","embeddable":true,"href":"https:\/\/www.peryton.de\/blog\/index.php?rest_route=%2Fwp%2Fv2%2Ftags&post=883"}],"curies":[{"name":"wp","href":"https:\/\/api.w.org\/{rel}","templated":true}]}}