{"id":888,"date":"2007-10-09T00:10:07","date_gmt":"2007-10-08T22:10:07","guid":{"rendered":"http:\/\/www.peryton.de\/blog\/?p=888"},"modified":"2007-10-11T14:33:47","modified_gmt":"2007-10-11T12:33:47","slug":"feuerkopf","status":"publish","type":"post","link":"https:\/\/www.peryton.de\/blog\/?p=888","title":{"rendered":"[ feuerkopf, undeutsch ]"},"content":{"rendered":"<p><font color=\"#000010\"><\/p>\n<p align=\"left\">\ndie t\u00fcrken behandeln mich noch schlimmer als die<br \/>\ndeutschen, weisst du? (mit einer seiner beredten<br \/>\ngesten weist er irgendwohin.) mein bett, denke ich<\/p>\n<p align=\"left\">\ndie erk\u00e4ltung hat mich innerhalb eines halben ta-<br \/>\nges von den f\u00fcssen geholt. nach sechzehn stun-<br \/>\nden schlaf, einer heissen wanne, zwei t\u00e4sschen<br \/>\nkaffee kreist in meinem kopf ein gedankenstrudel<\/p>\n<p align=\"left\">\ndie denken alle, ich bin bl\u00f6d, weisst du? ich kann<br \/>\ndas doch sehen. (mit seinem rechten zeigefinger<br \/>\nzieht er eine imagin\u00e4re linie zwischen seinen und<br \/>\nmeinen augen, hin und zur\u00fcck, damit ich verstehe.)<\/p>\n<p align=\"left\">\n&#8211; schon, weil ich nicht aussehe wie ein deutscher<br \/>\n&#8211; wie, bittesch\u00f6n, sieht denn ein deutscher aus?<br \/>\n&#8211; anders. anders als ich. jedenfalls nicht so wie du<br \/>\n&#8211; was&#8217;n gl\u00fcck! ehrlich gesagt, beruhigt mich das<\/p>\n<p align=\"left\">\nzuh\u00f6ren. ausruhen. gleich noch ein wenig restsonne<br \/>\ngeniessen. alle termine sind abgesagt, das handy<br \/>\nist stummgeschaltet. in mir brennt der sommer nach<\/p>\n<p><\/font><br \/><\/p>\n","protected":false},"excerpt":{"rendered":"<p>die t\u00fcrken behandeln mich noch schlimmer als die deutschen, weisst du? (mit einer seiner beredten gesten weist er irgendwohin.) mein bett, denke ich die erk\u00e4ltung hat mich innerhalb eines halben ta- ges von den f\u00fcssen geholt. nach sechzehn stun- den schlaf, einer heissen wanne, zwei t\u00e4sschen kaffee kreist in meinem kopf ein gedankenstrudel die denken [&hellip;]<\/p>\n","protected":false},"author":5,"featured_media":0,"comment_status":"open","ping_status":"closed","sticky":false,"template":"","format":"standard","meta":{"footnotes":""},"categories":[1],"tags":[],"class_list":["post-888","post","type-post","status-publish","format-standard","hentry","category-uncategorized"],"_links":{"self":[{"href":"https:\/\/www.peryton.de\/blog\/index.php?rest_route=\/wp\/v2\/posts\/888","targetHints":{"allow":["GET"]}}],"collection":[{"href":"https:\/\/www.peryton.de\/blog\/index.php?rest_route=\/wp\/v2\/posts"}],"about":[{"href":"https:\/\/www.peryton.de\/blog\/index.php?rest_route=\/wp\/v2\/types\/post"}],"author":[{"embeddable":true,"href":"https:\/\/www.peryton.de\/blog\/index.php?rest_route=\/wp\/v2\/users\/5"}],"replies":[{"embeddable":true,"href":"https:\/\/www.peryton.de\/blog\/index.php?rest_route=%2Fwp%2Fv2%2Fcomments&post=888"}],"version-history":[{"count":0,"href":"https:\/\/www.peryton.de\/blog\/index.php?rest_route=\/wp\/v2\/posts\/888\/revisions"}],"wp:attachment":[{"href":"https:\/\/www.peryton.de\/blog\/index.php?rest_route=%2Fwp%2Fv2%2Fmedia&parent=888"}],"wp:term":[{"taxonomy":"category","embeddable":true,"href":"https:\/\/www.peryton.de\/blog\/index.php?rest_route=%2Fwp%2Fv2%2Fcategories&post=888"},{"taxonomy":"post_tag","embeddable":true,"href":"https:\/\/www.peryton.de\/blog\/index.php?rest_route=%2Fwp%2Fv2%2Ftags&post=888"}],"curies":[{"name":"wp","href":"https:\/\/api.w.org\/{rel}","templated":true}]}}