{"id":89,"date":"2005-03-19T16:23:46","date_gmt":"2005-03-19T14:23:46","guid":{"rendered":"http:\/\/www.peryton.de\/blog\/?p=89"},"modified":"2010-11-15T13:20:49","modified_gmt":"2010-11-15T11:20:49","slug":"araukarientraume","status":"publish","type":"post","link":"https:\/\/www.peryton.de\/blog\/?p=89","title":{"rendered":"[ araukarientr\u00e4ume ]"},"content":{"rendered":"<p><font color=\"#404040\"><\/p>\n<p align=\"left\"><i><br \/>\nfrankfurt, 14. m\u00e4rz 2005. besuch beim freund und<br \/>\nkollegen <a href=\"http:\/\/www.reverbnation.com\/artist\/artist_songs\/343656#!\/ardouinpablo\" target=\"_blank\">pablo ardouin<\/a>, zur\u00fcckgekehrt von seiner<br \/>\nwinterreise, beschwert von sehnsucht, erleichtert<br \/>\nvom schmerz notwendiger erfahrung, wohl gebr\u00e4unt<br \/>\nvon der chilenischen sonne<\/i><br \/>\n&nbsp;<\/p>\n<p><\/font><\/p>\n<p><font color=\"#000010\"><\/p>\n<p align=center>\n<a href=\"http:\/\/www.peryton.de\/blog\/wp-content\/pablo-ardouin_02_14-03-2005_700x400.jpg\" target=\"_blank\"> <img decoding=\"async\" src=\" http:\/\/www.peryton.de\/blog\/wp-content\/tn_pablo-ardouin_02_14-03-2005_700x400.jpg\" border=0\" align=\"center\"\/><\/a><\/p>\n<p><\/font><\/p>\n<p><font color=\"#404040\"><\/p>\n<p align=\"center\">\n&#8211; <a href=\"http:\/\/www.peryton.de\/blog\/?p=10996\" target=\"_blank\">pablo ardouin<\/a> &#8211;<br \/>\n&nbsp;<\/p>\n<p><\/font><\/p>\n<p><font color=\"#000010\"><\/p>\n<p align=\"left\">\nmancher traum muss ausgetr\u00e4umt sein, bis ans<br \/>\nende, erwachend im schrecken, erwachend im an-<br \/>\ngesicht der araukarien, der weissen felsen, dort<br \/>\nwo der himmel ist, wie das meer: ohne wolken<\/p>\n<p align=\"left\">\ndann, freund, dann zu sagen &#8217;noch einmal&#8216;, das<br \/>\nw\u00e4re mutig<\/p>\n<p align=\"left\">\nvielleicht w\u00e4re das mutig<br \/>\n&nbsp;<\/p>\n<p><\/font><\/p>\n<p><font color=\"#404040\"><\/p>\n<p align=center>\nfoto: frankfurt, 14. m\u00e4rz 2005<\/p>\n<p><\/font><br \/><\/p>\n","protected":false},"excerpt":{"rendered":"<p>frankfurt, 14. m\u00e4rz 2005. besuch beim freund und kollegen pablo ardouin, zur\u00fcckgekehrt von seiner winterreise, beschwert von sehnsucht, erleichtert vom schmerz notwendiger erfahrung, wohl gebr\u00e4unt von der chilenischen sonne &nbsp;<\/p>\n","protected":false},"author":5,"featured_media":0,"comment_status":"open","ping_status":"open","sticky":false,"template":"","format":"standard","meta":{"footnotes":""},"categories":[1],"tags":[],"class_list":["post-89","post","type-post","status-publish","format-standard","hentry","category-uncategorized"],"_links":{"self":[{"href":"https:\/\/www.peryton.de\/blog\/index.php?rest_route=\/wp\/v2\/posts\/89","targetHints":{"allow":["GET"]}}],"collection":[{"href":"https:\/\/www.peryton.de\/blog\/index.php?rest_route=\/wp\/v2\/posts"}],"about":[{"href":"https:\/\/www.peryton.de\/blog\/index.php?rest_route=\/wp\/v2\/types\/post"}],"author":[{"embeddable":true,"href":"https:\/\/www.peryton.de\/blog\/index.php?rest_route=\/wp\/v2\/users\/5"}],"replies":[{"embeddable":true,"href":"https:\/\/www.peryton.de\/blog\/index.php?rest_route=%2Fwp%2Fv2%2Fcomments&post=89"}],"version-history":[{"count":12,"href":"https:\/\/www.peryton.de\/blog\/index.php?rest_route=\/wp\/v2\/posts\/89\/revisions"}],"predecessor-version":[{"id":12328,"href":"https:\/\/www.peryton.de\/blog\/index.php?rest_route=\/wp\/v2\/posts\/89\/revisions\/12328"}],"wp:attachment":[{"href":"https:\/\/www.peryton.de\/blog\/index.php?rest_route=%2Fwp%2Fv2%2Fmedia&parent=89"}],"wp:term":[{"taxonomy":"category","embeddable":true,"href":"https:\/\/www.peryton.de\/blog\/index.php?rest_route=%2Fwp%2Fv2%2Fcategories&post=89"},{"taxonomy":"post_tag","embeddable":true,"href":"https:\/\/www.peryton.de\/blog\/index.php?rest_route=%2Fwp%2Fv2%2Ftags&post=89"}],"curies":[{"name":"wp","href":"https:\/\/api.w.org\/{rel}","templated":true}]}}