{"id":9986,"date":"2008-07-04T00:10:29","date_gmt":"2008-07-03T22:10:29","guid":{"rendered":"http:\/\/www.peryton.de\/blog\/?p=9986"},"modified":"2008-08-18T11:28:36","modified_gmt":"2008-08-18T09:28:36","slug":"sterbehilfe-aber-nur-in-uniform","status":"publish","type":"post","link":"https:\/\/www.peryton.de\/blog\/?p=9986","title":{"rendered":"[ sterbehelfen am hindu kush ]"},"content":{"rendered":"<p><font color=\"#000010\"><\/p>\n<p align=\"left\">\nzusammendr\u00fccken, schn\u00fcren, packen, dann bin ich<br \/>\nwieder unterwegs \u00fcber die h\u00fcgelchen und durch die<br \/>\nniederungen der deutschen kulturlandschaft. hielte<br \/>\nmich nicht so viel pers\u00f6nliches hier, ich m\u00fcsste wei-<br \/>\nterfahren. allein schon wegen des verbalen auswurfs<br \/>\nder bundesobfrau merkel, sie sei <a href=\"http:\/\/www.zeit.de\/news\/artikel\/2008\/07\/02\/2563845.xml\" target=\"_blank\">&#8222;absolut gegen je-<br \/>\nde Form der aktiven Sterbehilfe, in welchem Gewand<br \/>\nsie auch immer&#8220;<\/a>, so verlautbarte sie gestern, daher-<br \/>\nkomme<\/p>\n<p align=\"left\">\nf\u00fcr sich genommen w\u00e4re dieser satz kein grund zum<br \/>\nabreisen; demagogische spr\u00fcche machen im lager<br \/>\nder m\u00e4chtigen derzeit die politische tagesordnung<br \/>\naus und bestimmen die sprache der ihnen an den<br \/>\nlippen h\u00e4ngenden medien &#8211; es ist die darauf folgen-<br \/>\nde nichtreaktion der masse schlafender geister in<br \/>\ndiesem &#8230; flachen &#8230; land<\/p>\n<p align=\"left\">\nseit anfang juli &#8217;08 ist deutschland aktiv an <a href=\"http:\/\/www.tagesspiegel.de\/politik\/div\/Eingreiftruppe;art771,2562739\" target=\"_blank\">kriegs-<br \/>\nhandlungen in afghanistan<\/a> beteiligt; erstmals seit<br \/>\nende des zweiten weltkriegs offen, unverborgen<br \/>\nund &#8211; vor allem &#8211; nahezu ohne widerstand im in-<br \/>\nund ausland. diese gewerblichen sterbehelfer in<br \/>\nuniform wird merkel vermutlich nicht gemeint ha-<br \/>\nben, nicht die soldaten, die als botschafter einer<br \/>\nneuen deutschen leidkultur diese mit aller konse-<br \/>\nquenz verbreiten<\/p>\n<p align=\"left\">\nmerkel meinte menschen, die sich freiwillig f\u00fcr ihr<br \/>\nableben entschieden haben, weil ihnen ein lebba-<br \/>\nres weiterexistieren ohne positive aussicht schien<\/p>\n<p align=\"left\">\nvielleicht bin ich zu streng, zu konservativ in der<br \/>\nauslegung meiner freiheitlichen lebensideale, zu<br \/>\nnah dran am sozialen geschehen und frau merkel<br \/>\ndagegen <em>nur<\/em> auf der h\u00f6he ihrer zeit: wo <a href=\"http:\/\/www.heise.de\/tp\/r4\/artikel\/19\/19581\/1.html\" target=\"_blank\">das recht<br \/>\nauf das kleinste<\/a> beengt, <a href=\"http:\/\/www.labournet.de\/diskussion\/arbeit\/realpolitik\/allg\/armut.html\" target=\"_blank\">bis ins kleinste<\/a> beschnit-<br \/>\nten, in b\u00fcrokratische regeln gezwungen ist, kann<br \/>\n&#8211; logisch? &#8211; ein recht auf selbstbestimmung im<br \/>\nsterben nicht unber\u00fchrt, soll heissen: nicht be-<br \/>\nstehen bleiben<\/p>\n<p align=\"left\">\n&#8222;<a href=\"http:\/\/www.webstreams.de\/~peryton\/peryton_feuer-und-rauch_live_04-08-2007.mp3\">abhaun<\/a>&#8222;, sage ich und fahre an die letzte tank-<br \/>\nstelle vor der autobahn richtung s\u00fcden<\/p>\n<p><\/font><br \/><\/p>\n","protected":false},"excerpt":{"rendered":"<p>zusammendr\u00fccken, schn\u00fcren, packen, dann bin ich wieder unterwegs \u00fcber die h\u00fcgelchen und durch die niederungen der deutschen kulturlandschaft. hielte mich nicht so viel pers\u00f6nliches hier, ich m\u00fcsste wei- terfahren. allein schon wegen des verbalen auswurfs der bundesobfrau merkel, sie sei &#8222;absolut gegen je- de Form der aktiven Sterbehilfe, in welchem Gewand sie auch immer&#8220;, so [&hellip;]<\/p>\n","protected":false},"author":5,"featured_media":0,"comment_status":"open","ping_status":"closed","sticky":false,"template":"","format":"standard","meta":{"footnotes":""},"categories":[1],"tags":[],"class_list":["post-9986","post","type-post","status-publish","format-standard","hentry","category-uncategorized"],"_links":{"self":[{"href":"https:\/\/www.peryton.de\/blog\/index.php?rest_route=\/wp\/v2\/posts\/9986","targetHints":{"allow":["GET"]}}],"collection":[{"href":"https:\/\/www.peryton.de\/blog\/index.php?rest_route=\/wp\/v2\/posts"}],"about":[{"href":"https:\/\/www.peryton.de\/blog\/index.php?rest_route=\/wp\/v2\/types\/post"}],"author":[{"embeddable":true,"href":"https:\/\/www.peryton.de\/blog\/index.php?rest_route=\/wp\/v2\/users\/5"}],"replies":[{"embeddable":true,"href":"https:\/\/www.peryton.de\/blog\/index.php?rest_route=%2Fwp%2Fv2%2Fcomments&post=9986"}],"version-history":[{"count":0,"href":"https:\/\/www.peryton.de\/blog\/index.php?rest_route=\/wp\/v2\/posts\/9986\/revisions"}],"wp:attachment":[{"href":"https:\/\/www.peryton.de\/blog\/index.php?rest_route=%2Fwp%2Fv2%2Fmedia&parent=9986"}],"wp:term":[{"taxonomy":"category","embeddable":true,"href":"https:\/\/www.peryton.de\/blog\/index.php?rest_route=%2Fwp%2Fv2%2Fcategories&post=9986"},{"taxonomy":"post_tag","embeddable":true,"href":"https:\/\/www.peryton.de\/blog\/index.php?rest_route=%2Fwp%2Fv2%2Ftags&post=9986"}],"curies":[{"name":"wp","href":"https:\/\/api.w.org\/{rel}","templated":true}]}}